{"id":387924,"date":"2025-09-01T06:38:04","date_gmt":"2025-09-01T06:38:04","guid":{"rendered":"https:\/\/www.europesays.com\/de\/387924\/"},"modified":"2025-09-01T06:38:04","modified_gmt":"2025-09-01T06:38:04","slug":"insolvenz-bei-weiterem-bedeutenden-autozulieferer-wie-geht-es-jetzt-weiter","status":"publish","type":"post","link":"https:\/\/www.europesays.com\/de\/387924\/","title":{"rendered":"Insolvenz bei weiterem bedeutenden Autozulieferer \u2013 wie geht es jetzt weiter?"},"content":{"rendered":"<ol class=\"id-DonaldBreadcrumb lp_west_breadcrumb id-DonaldBreadcrumb--default\" data-k5a-pos=\"west_breadcrumb\">\n<li class=\"id-Breadcrumb-item\"><a href=\"https:\/\/www.merkur.de\/\" class=\"id-Breadcrumb-link\" data-id-ec=\"{\" shn=\"\" textlink=\"\" data-k5a-pos=\"1_startseite\" rel=\"nofollow noopener\" target=\"_blank\">Startseite<\/a><\/li>\n<li class=\"id-Breadcrumb-item\"><a href=\"https:\/\/www.merkur.de\/wirtschaft\/\" class=\"id-Breadcrumb-link\" data-id-ec=\"{\" shn=\"\" textlink=\"\" data-k5a-pos=\"2_wirtschaft\" rel=\"nofollow noopener\" target=\"_blank\">Wirtschaft<\/a><\/li>\n<\/ol>\n<p class=\"id-Story-timestamp id-Story-timestamp--default\">Stand: 01.09.2025, 04:51 Uhr<\/p>\n<p class=\"id-Story-authors id-Story-authors--default\">Von: <a class=\"id-Story-authors-link lp_west_author\" href=\"https:\/\/www.merkur.de\/autor\/julian-baumann-donbi6124.html\" title=\"Zur Autorenseite von Julian Baumann\" data-id-ec=\"{\" shn=\"\" author-link=\"\" baumann=\"\" data-k5a-pos=\"west_author\" rel=\"nofollow noopener\" target=\"_blank\">Julian Baumann<\/a><\/p>\n<p class=\"id-Story-interactionBar id-Story-interactionBar--default\">DruckenTeilen<\/p>\n<p><img decoding=\"async\" class=\"id-RatioPlaceholder-element wv_story_el_image\" src=\"https:\/\/www.europesays.com\/de\/wp-content\/uploads\/2025\/09\/39507840-der-hauptsitz-des-autozulieferers-huber-automotive-ag-in-muehlhausen-im-taele-baden-wuertte.png\" loading=\"eager\" fetchpriority=\"high\" height=\"300\" width=\"480\" alt=\"Der Hauptsitz des Autozulieferers Huber Automotive AG in M&#xFC;hlhausen im T&#xE4;le, Baden-W&#xFC;rttemberg. \"\/>Ein weiterer bedeutender Autozulieferer hat Insolvenz angemeldet.  \u00a9\u00a0Huber Automotive AG<\/p>\n<p class=\"id-StoryElement-leadText\">Autozulieferer-Krise in Deutschland: Weiteres bedeutendes Unternehmen meldet Insolvenz an. Betriebsabl\u00e4ufe bleiben laut Ad-hoc-Meldung vorerst bestehen.<\/p>\n<p class=\"id-StoryElement-paragraph\">M\u00fchlhausen im T\u00e4le \u2013 Die Automobilzulieferer im Land haben aktuell ganz besonders unter der Krise zu k\u00e4mpfen. Nachdem vor wenigen Tagen bereits <a href=\"https:\/\/www.merkur.de\/wirtschaft\/nicht-erhaltener-grossauftrag-treibt-mercedes-und-porsche-zulieferer-in-die-insolvenz-93881106.html\" class=\"id-import-Link\" data-id-ec=\"{&quot;sht&quot;:&quot;Container&quot;,&quot;shn&quot;:&quot;Story&quot;,&quot;p&quot;:{&quot;containerType&quot;:&quot;Paragraph&quot;,&quot;displayType&quot;:&quot;Paragraph InlineLink&quot;,&quot;type&quot;:&quot;INLINE_LINK&quot;,&quot;value&quot;:&quot;ein Unternehmen Insolvenz anmelden musste, das unter anderem Mercedes-Benz und Porsche beliefert&quot;,&quot;variant&quot;:&quot;standardLink&quot;,&quot;sponsored&quot;:false,&quot;linkHref&quot;:&quot;https:\/\/www.merkur.de\/wirtschaft\/nicht-erhaltener-grossauftrag-treibt-mercedes-und-porsche-zulieferer-in-die-insolvenz-93881106.html&quot;,&quot;storyElementPosition&quot;:8,&quot;storyElementCount&quot;:17}}\" rel=\"nofollow noopener\" target=\"_blank\">ein Unternehmen Insolvenz anmelden musste, das unter anderem Mercedes-Benz und Porsche beliefert<\/a>, steht nun ein weiterer Autozulieferer vor einer schwierigen H\u00fcrde. Wie die <strong>Huber Automotive AG<\/strong> mit Sitz in <strong>M\u00fchlhausen im T\u00e4le<\/strong> (Kreis G\u00f6ppingen, <a href=\"https:\/\/www.bw24.de\/baden-wuerttemberg\/\" class=\"id-import-Link id-pageApi-Link--externalDomain\" title=\"Baden-W&#xFC;rttemberg\" data-id-ec=\"{&quot;sht&quot;:&quot;Container&quot;,&quot;shn&quot;:&quot;Story&quot;,&quot;p&quot;:{&quot;containerType&quot;:&quot;Paragraph&quot;,&quot;displayType&quot;:&quot;Paragraph InlineLink&quot;,&quot;type&quot;:&quot;INLINE_LINK&quot;,&quot;value&quot;:&quot;Baden-W&#xFC;rttemberg&quot;,&quot;variant&quot;:&quot;standardLink&quot;,&quot;sponsored&quot;:false,&quot;linkHref&quot;:&quot;https:\/\/www.bw24.de\/baden-wuerttemberg\/&quot;,&quot;storyElementPosition&quot;:8,&quot;storyElementCount&quot;:17}}\" rel=\"nofollow noopener\" target=\"_blank\">Baden-W\u00fcrttemberg<\/a>) am 27. August in einer Ad-hoc-Mitteilung selbst verk\u00fcndete, hat das im Jahr 2000 gegr\u00fcndete Unternehmen Insolvenz angemeldet.<\/p>\n<p class=\"id-StoryElement-paragraph\">Die heutige Huber Automotive AG geht auf die bereits 1983 gegr\u00fcndete Firma Huber Fahrzeugtechnik zur\u00fcck und ist auf die Umr\u00fcstung von Fahrzeugen f\u00fcr die Elektro-Mobilit\u00e4t spezialisiert. \u201eDer Vorstand der Huber Automotive AG hat gestern beim zust\u00e4ndigen Amtsgericht G\u00f6ppingen Antrag auf Er\u00f6ffnung eines Insolvenzverfahrens wegen Zahlungsunf\u00e4higkeit gestellt\u201c, hei\u00dft es in der Mitteilung. Aus den Insolvenzbekanntmachungen geht hervor, dass das Amtsgericht dem Antrag stattgegeben und Martin Mucha von der Kanzlei Grub Brugger zum vorl\u00e4ufigen Insolvenzverwalter ernannt hat. <\/p>\n<p>Huber Automotive meldet Insolvenz an \u2013 Betrieb wird \u201ezun\u00e4chst fortgef\u00fchrt\u201c <\/p>\n<p class=\"id-StoryElement-paragraph\">Wie erw\u00e4hnt, hat sich die Huber Automotive AG auf das Umr\u00fcsten von Elektrofahrzeugen spezialisiert und die aktuelle Krise in dieser Branche ist auch einer der Gr\u00fcnde f\u00fcr die finanzielle Schieflage. Wie die <a href=\"https:\/\/www.wiwo.de\/unternehmen\/auto\/autoindustrie-huber-automotive-und-mvi-group-melden-insolvenz-an\/100151268.html\" rel=\"nofollow noopener\" target=\"_blank\" class=\"id-import-Link id-pageApi-Link--externalDomain\" data-id-ec=\"{&quot;sht&quot;:&quot;Container&quot;,&quot;shn&quot;:&quot;Story&quot;,&quot;p&quot;:{&quot;containerType&quot;:&quot;Paragraph&quot;,&quot;displayType&quot;:&quot;Paragraph InlineLink&quot;,&quot;type&quot;:&quot;INLINE_LINK&quot;,&quot;value&quot;:&quot;WirtschaftsWoche&quot;,&quot;variant&quot;:&quot;standardLink&quot;,&quot;sponsored&quot;:false,&quot;linkHref&quot;:&quot;https:\/\/www.wiwo.de\/unternehmen\/auto\/autoindustrie-huber-automotive-und-mvi-group-melden-insolvenz-an\/100151268.html&quot;,&quot;storyElementPosition&quot;:12,&quot;storyElementCount&quot;:17}}\">WirtschaftsWoche<\/a> berichtet, ist der Umsatz des Unternehmens im zur\u00fcckliegenden Gesch\u00e4ftsjahr 2023\/2024 im Vergleich zum Vorjahr um rund 58 Prozent gesunken und lag nur noch bei 38,9 Millionen Euro. Die Gl\u00e4ubiger verzichteten daraufhin auf Teile ihrer Forderungen, was aber offenbar nicht ausreichte.<\/p>\n<p class=\"id-StoryElement-paragraph\">Von der Insolvenzanmeldung des Autozulieferers sind nach aktuellem Stand noch etwa 73 Mitarbeiter betroffen, andere Quellen beziffern den Umfang der Belegschaft mit rund 100 Angestellten. Die L\u00f6hne und Geh\u00e4lter sind in einem Insolvenzverfahren normalerweise f\u00fcr drei Monate \u2013 also f\u00fcr September, Oktober und November \u2013 \u00fcber das sogenannte Insolvenzgeld abgedeckt. \u201eDer Gesch\u00e4ftsbetrieb der Gesellschaft wird zun\u00e4chst fortgef\u00fchrt\u201c, schreibt das Unternehmen auf seiner Seite. <\/p>\n<p>Diese 12 bekannten Unternehmen aus Baden-W\u00fcrttemberg gibt es nicht mehr<img decoding=\"async\" class=\"id-RatioPlaceholder-element wv_story_el_interstitialImage\" src=\"https:\/\/www.europesays.com\/de\/wp-content\/uploads\/2025\/03\/37503173-die-geraete-und-nutzfahrzeugfabrik-magirus-in-ulm-links-die-bedeutende-farbenfabrik-siegle-.jpeg\" loading=\"lazy\"   height=\"1350\" width=\"2400\" alt=\"Die Ger&#xE4;te- und Nutzfahrzeugfabrik Magirus in Ulm (links). Die bedeutende Farbenfabrik Siegle in Stuttgart (Mitte). Die Schokoladenfabrik Roth in Stuttgart (rechts). \"\/><a href=\"https:\/\/www.merkur.de\/wirtschaft\/gibt-12-bekannte-unternehmen-aus-baden-wuerttemberg-die-es-nicht-mehr-zr-93638025.html\" class=\"id-StoryElement-intestitialLink-link\" data-id-ec=\"{\" shn=\"\" ansehen=\"\" data-k5a-pos=\"west_story_14_photoGalleryLink\" title=\"Zur Fotostrecke: Diese 12 bekannten Unternehmen aus Baden-W&#xFC;rttemberg gibt es nicht mehr\" rel=\"nofollow noopener\" target=\"_blank\">Fotostrecke ansehen<\/a>Huber Automotive AG mit mehreren Standorten in Baden-W\u00fcrttemberg <\/p>\n<p class=\"id-StoryElement-paragraph\">Laut der WirtschaftsWoche wird sich der erfahrende Sanierungsexperte Martin Mucha, der aktuell auch <a href=\"https:\/\/www.merkur.de\/wirtschaft\/insolvenz-bei-ueber-130-jahre-altem-traditionsunternehmen-dreistellige-mitarbeiterzahl-betroffen-93887989.html\" class=\"id-import-Link\" data-id-ec=\"{&quot;sht&quot;:&quot;Container&quot;,&quot;shn&quot;:&quot;Story&quot;,&quot;p&quot;:{&quot;containerType&quot;:&quot;Paragraph&quot;,&quot;displayType&quot;:&quot;Paragraph InlineLink&quot;,&quot;type&quot;:&quot;INLINE_LINK&quot;,&quot;value&quot;:&quot;bei einem &#xFC;ber 130 Jahre alten Traditionsunternehmen als vorl&#xE4;ufiger Insolvenzverwalter t&#xE4;tig ist&quot;,&quot;variant&quot;:&quot;standardLink&quot;,&quot;sponsored&quot;:false,&quot;linkHref&quot;:&quot;https:\/\/www.merkur.de\/wirtschaft\/insolvenz-bei-ueber-130-jahre-altem-traditionsunternehmen-dreistellige-mitarbeiterzahl-betroffen-93887989.html&quot;,&quot;storyElementPosition&quot;:17,&quot;storyElementCount&quot;:17}}\" rel=\"nofollow noopener\" target=\"_blank\">bei einem \u00fcber 130 Jahre alten Traditionsunternehmen als vorl\u00e4ufiger Insolvenzverwalter t\u00e4tig ist<\/a>, nun zun\u00e4chst eine \u00dcbersicht \u00fcber die finanzielle Lage der Huber Automotive AG machen. Der Homepage des Unternehmens zufolge betreibt der Autozulieferer neben dem Stammsitz in M\u00fchlhausen im T\u00e4le auch einen weiteren Produktionsstandort in <strong>S\u00fc\u00dfen<\/strong> (ebenfalls Kreis G\u00f6ppingen), einen Entwicklungsstandort in <strong>Ulm<\/strong> sowie ein sogenanntes Projekthaus in <strong>Heroldstatt<\/strong> (Alb-Donau-Kreis).<\/p>\n","protected":false},"excerpt":{"rendered":"Startseite Wirtschaft Stand: 01.09.2025, 04:51 Uhr Von: Julian Baumann DruckenTeilen Ein weiterer bedeutender Autozulieferer hat Insolvenz angemeldet. \u00a9\u00a0Huber&hellip;\n","protected":false},"author":2,"featured_media":387925,"comment_status":"","ping_status":"","sticky":false,"template":"","format":"standard","meta":{"footnotes":""},"categories":[1830],"tags":[1634,3364,29,30,1441],"class_list":{"0":"post-387924","1":"post","2":"type-post","3":"status-publish","4":"format-standard","5":"has-post-thumbnail","7":"category-stuttgart","8":"tag-baden-wuerttemberg","9":"tag-de","10":"tag-deutschland","11":"tag-germany","12":"tag-stuttgart"},"share_on_mastodon":{"url":"https:\/\/pubeurope.com\/@de\/115127668369042786","error":""},"_links":{"self":[{"href":"https:\/\/www.europesays.com\/de\/wp-json\/wp\/v2\/posts\/387924","targetHints":{"allow":["GET"]}}],"collection":[{"href":"https:\/\/www.europesays.com\/de\/wp-json\/wp\/v2\/posts"}],"about":[{"href":"https:\/\/www.europesays.com\/de\/wp-json\/wp\/v2\/types\/post"}],"author":[{"embeddable":true,"href":"https:\/\/www.europesays.com\/de\/wp-json\/wp\/v2\/users\/2"}],"replies":[{"embeddable":true,"href":"https:\/\/www.europesays.com\/de\/wp-json\/wp\/v2\/comments?post=387924"}],"version-history":[{"count":0,"href":"https:\/\/www.europesays.com\/de\/wp-json\/wp\/v2\/posts\/387924\/revisions"}],"wp:featuredmedia":[{"embeddable":true,"href":"https:\/\/www.europesays.com\/de\/wp-json\/wp\/v2\/media\/387925"}],"wp:attachment":[{"href":"https:\/\/www.europesays.com\/de\/wp-json\/wp\/v2\/media?parent=387924"}],"wp:term":[{"taxonomy":"category","embeddable":true,"href":"https:\/\/www.europesays.com\/de\/wp-json\/wp\/v2\/categories?post=387924"},{"taxonomy":"post_tag","embeddable":true,"href":"https:\/\/www.europesays.com\/de\/wp-json\/wp\/v2\/tags?post=387924"}],"curies":[{"name":"wp","href":"https:\/\/api.w.org\/{rel}","templated":true}]}}