{"id":387953,"date":"2025-09-01T07:07:14","date_gmt":"2025-09-01T07:07:14","guid":{"rendered":"https:\/\/www.europesays.com\/de\/387953\/"},"modified":"2025-09-01T07:07:14","modified_gmt":"2025-09-01T07:07:14","slug":"sportschau-moderatorin-esther-sedlaczek-zurueck-mit-baby-foto-auf-instagram","status":"publish","type":"post","link":"https:\/\/www.europesays.com\/de\/387953\/","title":{"rendered":"Sportschau Moderatorin Esther Sedlaczek: Zur\u00fcck mit Baby Foto auf Instagram"},"content":{"rendered":"<p class=\"text\">\nEnde Juli kam ihr kleiner Sohn gesund und munter auf die Welt, wie das Management der ARD-Moderatorin gegen\u00fcber <a href=\"https:\/\/www.brisant.de\/stars\/baby\/baby-esther-sedlaczek-110.html\" title=\"Baby Nummer 3 ist da - ARD Moderatorin Esther Sedlaczek ist wieder Mutter geworden - Sohn ist gesund\" rel=\"nofollow noopener\" target=\"_blank\">BRISANT best\u00e4tigte<\/a>.<\/p>\n<p>Seitdem sind ihre sechsj\u00e4hrige Tochter und ihr vierj\u00e4hriger Sohn gro\u00dfe Geschwister. Viel wird die \u00d6ffentlichkeit aber nicht vom Nachwuchs zu sehen bekommen, denn die 39-J\u00e4hrige legt sehr gro\u00dfen Wert auf Privatsph\u00e4re.<\/p>\n<p>Den Namen ihres Ehemanns, mit dem sie seit 2019 verheiratet ist, und die Namen ihrer Kinder h\u00e4lt sie bis heute geheim<\/p>\n","protected":false},"excerpt":{"rendered":"Ende Juli kam ihr kleiner Sohn gesund und munter auf die Welt, wie das Management der ARD-Moderatorin gegen\u00fcber&hellip;\n","protected":false},"author":2,"featured_media":387954,"comment_status":"","ping_status":"","sticky":false,"template":"","format":"standard","meta":{"footnotes":"","_share_on_mastodon":"0"},"categories":[1776],"tags":[223,1290,104288,2713,2712,1801,29,214,31964,441,13692,30,152,1460,81,20706,1802,1291,88127,684,215],"class_list":["post-387953","post","type-post","status-publish","format-standard","has-post-thumbnail","category-prominente","tag-ard","tag-baby","tag-babypause","tag-boulevardmagazin","tag-brisant","tag-celebrities","tag-deutschland","tag-entertainment","tag-esther-sedlaczek","tag-fernsehen","tag-foto","tag-germany","tag-instagram","tag-kind","tag-mdr","tag-moderatorin","tag-prominente","tag-schwanger","tag-sedlaczek","tag-tv","tag-unterhaltung"],"share_on_mastodon":{"url":"https:\/\/pubeurope.com\/@de\/115127782124573473","error":""},"_links":{"self":[{"href":"https:\/\/www.europesays.com\/de\/wp-json\/wp\/v2\/posts\/387953","targetHints":{"allow":["GET"]}}],"collection":[{"href":"https:\/\/www.europesays.com\/de\/wp-json\/wp\/v2\/posts"}],"about":[{"href":"https:\/\/www.europesays.com\/de\/wp-json\/wp\/v2\/types\/post"}],"author":[{"embeddable":true,"href":"https:\/\/www.europesays.com\/de\/wp-json\/wp\/v2\/users\/2"}],"replies":[{"embeddable":true,"href":"https:\/\/www.europesays.com\/de\/wp-json\/wp\/v2\/comments?post=387953"}],"version-history":[{"count":0,"href":"https:\/\/www.europesays.com\/de\/wp-json\/wp\/v2\/posts\/387953\/revisions"}],"wp:featuredmedia":[{"embeddable":true,"href":"https:\/\/www.europesays.com\/de\/wp-json\/wp\/v2\/media\/387954"}],"wp:attachment":[{"href":"https:\/\/www.europesays.com\/de\/wp-json\/wp\/v2\/media?parent=387953"}],"wp:term":[{"taxonomy":"category","embeddable":true,"href":"https:\/\/www.europesays.com\/de\/wp-json\/wp\/v2\/categories?post=387953"},{"taxonomy":"post_tag","embeddable":true,"href":"https:\/\/www.europesays.com\/de\/wp-json\/wp\/v2\/tags?post=387953"}],"curies":[{"name":"wp","href":"https:\/\/api.w.org\/{rel}","templated":true}]}}