{"id":387996,"date":"2025-09-01T07:32:11","date_gmt":"2025-09-01T07:32:11","guid":{"rendered":"https:\/\/www.europesays.com\/de\/387996\/"},"modified":"2025-09-01T07:32:11","modified_gmt":"2025-09-01T07:32:11","slug":"der-deuter-park-in-augsburg-oberhausen-gewinnt-neuen-grossen-mieter","status":"publish","type":"post","link":"https:\/\/www.europesays.com\/de\/387996\/","title":{"rendered":"Der Deuter Park in Augsburg-Oberhausen gewinnt neuen gro\u00dfen Mieter"},"content":{"rendered":"<p class=\"mb-6 text-xs md:text-m lg:text-l font-serif group-[.font-sans]:font-sans \">\n    Der <a href=\"https:\/\/www.augsburger-allgemeine.de\/augsburg\/oberhausen-richtfest-fuer-neues-buerogebaeude-im-deuter-park-103008043\" target=\"_self\" class=\"underline \" rel=\"nofollow noopener\">Deuter Park<\/a> ist eine bekannte Adresse f\u00fcr Firmen und Gewerbetreibende. Er liegt im Augsburger Stadtteil Oberhausen. Das <a href=\"https:\/\/www.augsburger-allgemeine.de\/augsburg\/gaswerk-oberhausen-stadt-augsburg-muss-dieses-potenzial-ausschoepfen-108880752\" target=\"_self\" class=\"underline \" rel=\"nofollow noopener\">Gaswerk<\/a> als markantes Geb\u00e4ude ist nicht weit davon entfernt. Im Gewerbepark tut sich einiges. Ein neuer gro\u00dfer Mieter kommt. F\u00fcr ein gro\u00dfes Unternehmen folgt hingegen ein Umzug am Standort.\n  <\/p>\n<p>            Das Jobcenter Augsburger Land ist neuer Mieter<\/p>\n<p class=\"mb-6 text-xs md:text-m lg:text-l font-serif group-[.font-sans]:font-sans \">\n    Nach Unternehmensangaben wird das Jobcenter Augsburger Land insgesamt 2200 Quadratmeter B\u00fcrofl\u00e4che beziehen. Geplanter Einzug ist im Herbst 2026. Die Augsburger Kragler Immobilien GmbH war bei der Anmietung vermittelnd t\u00e4tig. Das Jobcenter Augsburger Land mietet die R\u00e4ume langfristig an, hei\u00dft es. Der Geb\u00e4ude sei mit moderner Geb\u00e4udetechnik, einer idealen Aufteilung f\u00fcr die Anforderungen des Jobcenters und ausreichend Besucherparkpl\u00e4tzen direkt vor der T\u00fcr ausgestattet. \u201eMit dem Umzug an den neuen Standort haben wir einen Schritt zu mehr Platz und neuen M\u00f6glichkeiten sichergestellt\u201c, sagt Klaus Schmitz, Gesch\u00e4ftsf\u00fchrer Jobcenter Augsburger Land.\n  <\/p>\n<p>            Das Unternehmen Synlab zieht im Deuter Park um<\/p>\n<p class=\"mb-6 text-xs md:text-m lg:text-l font-serif group-[.font-sans]:font-sans \">\n    Die angemieteten R\u00e4umlichkeiten werden derzeit noch von dem Labordienstleister Synlab genutzt. Er zieht ab 2026 in einen Neubau im Deuter Park um. Vor Ort in Oberhausen ist zudem das Jobcenter Augsburg Stadt. Es sitzt im Nachbargeb\u00e4ude in der August-Wessels-Stra\u00dfe 31.\n  <\/p>\n<ul data-module-id=\"DragDropModule\" class=\"flex flex-wrap justify-start group-[.no-bookmarks]:hidden\">\n<li class=\"mb-3 mr-3\">\n    Michael H\u00f6rmann<\/p>\n<p>      Icon Haken im Kreis gesetzt<\/p>\n<p>      Icon Plus im Kreis<\/p>\n<\/li>\n<li class=\"mb-3 mr-3\">\n    Arbeitsamt<\/p>\n<p>      Icon Haken im Kreis gesetzt<\/p>\n<p>      Icon Plus im Kreis<\/p>\n<\/li>\n<li class=\"mb-3 mr-3\">\n    Oberhausen<\/p>\n<p>      Icon Haken im Kreis gesetzt<\/p>\n<p>      Icon Plus im Kreis<\/p>\n<\/li>\n<\/ul>\n","protected":false},"excerpt":{"rendered":"Der Deuter Park ist eine bekannte Adresse f\u00fcr Firmen und Gewerbetreibende. Er liegt im Augsburger Stadtteil Oberhausen. Das&hellip;\n","protected":false},"author":2,"featured_media":387997,"comment_status":"","ping_status":"","sticky":false,"template":"","format":"standard","meta":{"footnotes":""},"categories":[1846],"tags":[680,772,3364,29,548,663,3934,30,13,14,15,12],"class_list":{"0":"post-387996","1":"post","2":"type-post","3":"status-publish","4":"format-standard","5":"has-post-thumbnail","7":"category-augsburg","8":"tag-augsburg","9":"tag-bayern","10":"tag-de","11":"tag-deutschland","12":"tag-eu","13":"tag-europa","14":"tag-europe","15":"tag-germany","16":"tag-headlines","17":"tag-nachrichten","18":"tag-news","19":"tag-schlagzeilen"},"share_on_mastodon":{"url":"https:\/\/pubeurope.com\/@de\/115127880420760941","error":""},"_links":{"self":[{"href":"https:\/\/www.europesays.com\/de\/wp-json\/wp\/v2\/posts\/387996","targetHints":{"allow":["GET"]}}],"collection":[{"href":"https:\/\/www.europesays.com\/de\/wp-json\/wp\/v2\/posts"}],"about":[{"href":"https:\/\/www.europesays.com\/de\/wp-json\/wp\/v2\/types\/post"}],"author":[{"embeddable":true,"href":"https:\/\/www.europesays.com\/de\/wp-json\/wp\/v2\/users\/2"}],"replies":[{"embeddable":true,"href":"https:\/\/www.europesays.com\/de\/wp-json\/wp\/v2\/comments?post=387996"}],"version-history":[{"count":0,"href":"https:\/\/www.europesays.com\/de\/wp-json\/wp\/v2\/posts\/387996\/revisions"}],"wp:featuredmedia":[{"embeddable":true,"href":"https:\/\/www.europesays.com\/de\/wp-json\/wp\/v2\/media\/387997"}],"wp:attachment":[{"href":"https:\/\/www.europesays.com\/de\/wp-json\/wp\/v2\/media?parent=387996"}],"wp:term":[{"taxonomy":"category","embeddable":true,"href":"https:\/\/www.europesays.com\/de\/wp-json\/wp\/v2\/categories?post=387996"},{"taxonomy":"post_tag","embeddable":true,"href":"https:\/\/www.europesays.com\/de\/wp-json\/wp\/v2\/tags?post=387996"}],"curies":[{"name":"wp","href":"https:\/\/api.w.org\/{rel}","templated":true}]}}