{"id":388004,"date":"2025-09-01T07:47:28","date_gmt":"2025-09-01T07:47:28","guid":{"rendered":"https:\/\/www.europesays.com\/de\/388004\/"},"modified":"2025-09-01T07:47:28","modified_gmt":"2025-09-01T07:47:28","slug":"kanzler-merz-in-muenster-radio-wmw","status":"publish","type":"post","link":"https:\/\/www.europesays.com\/de\/388004\/","title":{"rendered":"Kanzler Merz in M\u00fcnster &#8211; Radio WMW"},"content":{"rendered":"<p class=\"small date article__date\">Ver\u00f6ffentlicht:\u00a0Montag, 01.09.2025 07:30<\/p>\n<p>Bundeskanzler Friedrich Merz kommt heute nach M\u00fcnster. F\u00fcr seinen Antrittsbesuch bei der NRW Landesregierung hat NRW-Ministerpr\u00e4sident Hendrik W\u00fcst den Kanzler zu einer Sitzung des Landeskabinetts in M\u00fcnsters Rathaus eingeladen.\u00a0Wegen des Kanzlerbesuchs ist der Prinzipalmarkt bis etwa 13 Uhr f\u00fcr den Fahrrad- und Fahrzeugverkehr gesperrt.\u00a0<\/p>\n<p><img decoding=\"async\" alt=\"Bundeskanzler Friedrich Merz (CDU) steigt in das Flugzeug der Flugbereitschaft\" src=\"https:\/\/www.europesays.com\/de\/wp-content\/uploads\/2025\/09\/523512578.jpg&#038;crop=0x26x1280x800&#038;resize=1280x800&#038;dt=202505071222490.jpeg\" data-size=\"1280x800\"\/>\u00a9 picture alliance\/dpa | Michael Kappeler<\/p>\n<p>Gegen halb zehn wird Ministerpr\u00e4sident W\u00fcst den Kanzler am Rathaus begr\u00fc\u00dfen, dann wird sich Friedrich Merz im Friedenssaal ins goldene Buche der Stadt M\u00fcnster eintragen. Bei der Kabinettsitzung mit der Landesregierung soll\u00a0es dann\u00a0unter anderem um NRW als Standort f\u00fcr k\u00fcnstliche Intelligenz und die R\u00fcstungsindustrie gehen. Im Rathaus will\u00a0der Kanzler dann auch mit Polizisten reden. Dann trifft sich Merz\u00a0in der Dominikanerkirche mit Wissenschaftlern zum Thema &#8222;Hightech Standort NRW&#8220;. Und zum Schluss seines Antrittsbesuches will der Kanzler dann am Mittag noch die neue Batterieforschungsfabrik FFB im Hansa Business-Park in Amelsb\u00fcren besichtigen.<\/p>\n<p>Wegen des Kanzlerbesuchs ist der Prinzipalmarkt bis etwa 13 Uhr f\u00fcr den Fahrrad- und Fahrzeugverkehr gesperrt. Die Gesch\u00e4fte bleiben ge\u00f6ffnet. Fu\u00dfg\u00e4nger k\u00f6nnen den Bereich passieren. Der Syndikatplatz und der Platz des Westf\u00e4lischen Friedens werden komplett, auch f\u00fcr den Fu\u00dfg\u00e4nger, gesperrt.<\/p>\n","protected":false},"excerpt":{"rendered":"Ver\u00f6ffentlicht:\u00a0Montag, 01.09.2025 07:30 Bundeskanzler Friedrich Merz kommt heute nach M\u00fcnster. F\u00fcr seinen Antrittsbesuch bei der NRW Landesregierung hat&hellip;\n","protected":false},"author":2,"featured_media":388005,"comment_status":"","ping_status":"","sticky":false,"template":"","format":"standard","meta":{"footnotes":""},"categories":[1843],"tags":[3364,29,30,8970,1209,8],"class_list":{"0":"post-388004","1":"post","2":"type-post","3":"status-publish","4":"format-standard","5":"has-post-thumbnail","7":"category-muenster","8":"tag-de","9":"tag-deutschland","10":"tag-germany","11":"tag-muenster","12":"tag-nordrhein-westfalen","13":"tag-top-meldungen"},"share_on_mastodon":{"url":"https:\/\/pubeurope.com\/@de\/115127939426671955","error":""},"_links":{"self":[{"href":"https:\/\/www.europesays.com\/de\/wp-json\/wp\/v2\/posts\/388004","targetHints":{"allow":["GET"]}}],"collection":[{"href":"https:\/\/www.europesays.com\/de\/wp-json\/wp\/v2\/posts"}],"about":[{"href":"https:\/\/www.europesays.com\/de\/wp-json\/wp\/v2\/types\/post"}],"author":[{"embeddable":true,"href":"https:\/\/www.europesays.com\/de\/wp-json\/wp\/v2\/users\/2"}],"replies":[{"embeddable":true,"href":"https:\/\/www.europesays.com\/de\/wp-json\/wp\/v2\/comments?post=388004"}],"version-history":[{"count":0,"href":"https:\/\/www.europesays.com\/de\/wp-json\/wp\/v2\/posts\/388004\/revisions"}],"wp:featuredmedia":[{"embeddable":true,"href":"https:\/\/www.europesays.com\/de\/wp-json\/wp\/v2\/media\/388005"}],"wp:attachment":[{"href":"https:\/\/www.europesays.com\/de\/wp-json\/wp\/v2\/media?parent=388004"}],"wp:term":[{"taxonomy":"category","embeddable":true,"href":"https:\/\/www.europesays.com\/de\/wp-json\/wp\/v2\/categories?post=388004"},{"taxonomy":"post_tag","embeddable":true,"href":"https:\/\/www.europesays.com\/de\/wp-json\/wp\/v2\/tags?post=388004"}],"curies":[{"name":"wp","href":"https:\/\/api.w.org\/{rel}","templated":true}]}}