{"id":388072,"date":"2025-09-01T08:50:15","date_gmt":"2025-09-01T08:50:15","guid":{"rendered":"https:\/\/www.europesays.com\/de\/388072\/"},"modified":"2025-09-01T08:50:15","modified_gmt":"2025-09-01T08:50:15","slug":"vfb-stuttgart-vor-transfer-von-hyeon-gyu-oh-auch-el-khannouss-vor-ort","status":"publish","type":"post","link":"https:\/\/www.europesays.com\/de\/388072\/","title":{"rendered":"VfB Stuttgart vor Transfer von Hyeon-gyu Oh \u2013 Auch El Khannouss vor Ort"},"content":{"rendered":"<p>Summe doch unterhalb Undavs\u00a0<\/p>\n<p>                                    <img decoding=\"async\" src=\"https:\/\/www.europesays.com\/de\/wp-content\/uploads\/2025\/09\/hyeon-gyu-oh-genk-2025-1756658433-176258.jpg\" title=\"VfB Stuttgart vor Transfer von Hyeon-gyu Oh \u2013 Auch El Khannouss vor Ort\" alt=\"VfB Stuttgart vor Transfer von Hyeon-gyu Oh \u2013 Auch El Khannouss vor Ort\"\/><\/p>\n<p>\n                                       \u00a9IMAGO\n                                    <\/p>\n<p>Der Artikel erschien in erster Fassung am 31. August und wurde am 1. September mit neuen Informationen zur Abl\u00f6se angepasst<\/p>\n<p>Der <a title=\"VfB Stuttgart\" href=\"https:\/\/www.transfermarkt.de\/vfb-stuttgart\/startseite\/verein\/79\" target=\"_blank\" rel=\"noopener\">VfB Stuttgart<\/a> hat einem Bericht aus Belgien vom Sonntag zufolge der Forderung vom <a title=\"KRC Genk\" href=\"https:\/\/www.transfermarkt.de\/krc-genk\/startseite\/verein\/1184\" target=\"_blank\" rel=\"noopener\">KRC Genk<\/a> f\u00fcr <a title=\"Hyeon-gyu Oh\" href=\"https:\/\/www.transfermarkt.de\/hyeon-gyu-oh\/profil\/spieler\/639246\" target=\"_blank\" rel=\"noopener\">Hyeon-gyu Oh<\/a> zugestimmt. Transfermarkt kann dies best\u00e4tigen. Kurz vor Transferschluss soll der Wechsel des 24 Jahre alten St\u00fcrmers noch \u00fcber die B\u00fchne gehen. Eine zun\u00e4chst kolportierte Rekordabl\u00f6se zahlen die Schwaben aber nicht, wie diese Reaktion am Montag erfuhr.<\/p>\n<p><strong>Update 1. September:<\/strong> Wie die Zeitung \u201eHet Laatste Nieuws\u201c zun\u00e4chst schrieb, gibt es einen Vorschlag der Stuttgarter, den das belgische Team kaum ablehnen k\u00f6nne. Um eine Summe von 27 Millionen Euro soll es gehen. Mit Boni k\u00f6nnte der Betrag auf 28 Mio. Euro anwachsen. Tats\u00e4chlich soll sich die Gesamtsumme aber eher in der Region von bis zu 20 Mio. Euro ansiedeln mit 18 Mio. als Sockelabl\u00f6se. Die zun\u00e4chst genannte Basisabl\u00f6se w\u00e4re ein <a href=\"https:\/\/www.transfermarkt.de\/vfb-stuttgart\/transferrekorde\/verein\/79\" target=\"_blank\" rel=\"noopener\">Rekord f\u00fcr die Stuttgarter<\/a>, welcher aktuell vom verletzten St\u00fcrmer <a title=\"Deniz Undav\" href=\"https:\/\/www.transfermarkt.de\/deniz-undav\/profil\/spieler\/339314\" target=\"_blank\" rel=\"noopener\">Deniz Undav<\/a> (28) gehalten wird. Auch mit der geringeren Summe w\u00fcrde sich Oh in der Top-3 ansiedeln.\u00a0<\/p>\n<p>\n    <a class=\"bbcodesLink\" href=\"https:\/\/www.transfermarkt.de\/hyeon-gyu-oh-zu-vfb-stuttgart-\/thread\/forum\/154\/thread_id\/1087329\" target=\"_blank\" rel=\"noopener\"><\/p>\n<tr>\n<p>                        Ger\u00fccht<\/p>\n<\/tr>\n<tr class=\"contentzeile\">\n<td class=\"spielerbild\" rowspan=\"2\">\n                        <img decoding=\"async\" src=\"https:\/\/www.europesays.com\/de\/wp-content\/uploads\/2025\/09\/639246-1702505291.jpg\" title=\"Hyeon-gyu Oh\" alt=\"Hyeon-gyu Oh\" class=\"\"\/>                    <\/td>\n<td class=\"spielername\">\n                        <a title=\"Hyeon-gyu Oh\" href=\"https:\/\/www.transfermarkt.de\/hyeon-gyu-oh\/profil\/spieler\/639246\" target=\"_blank\" rel=\"noopener\">H. Oh<\/a>                    <\/td>\n<td class=\"vereinswappen\" rowspan=\"2\">\n                        <img decoding=\"async\" src=\"https:\/\/www.europesays.com\/de\/wp-content\/uploads\/2025\/09\/1184.png\" title=\"KRC Genk\" alt=\"KRC Genk\" class=\"\"\/>                    <\/td>\n<td class=\"c2action\" rowspan=\"2\"><\/td>\n<\/tr>\n<tr class=\"contentzeile\">\n<td class=\"position\">\n                        Mittelst\u00fcrmer                    <\/td>\n<\/tr>\n<tr class=\"contentZeileSpielerGK\">\n<td colspan=\"4\">\n<tr>\n<td class=\"vereinsname\">\n                                    KRC Genk                                 <\/td>\n<td class=\"vereinswappen\" rowspan=\"2\">\n                                    <img decoding=\"async\" src=\"https:\/\/www.europesays.com\/de\/wp-content\/uploads\/2025\/09\/1184.png\" title=\"KRC Genk\" alt=\"KRC Genk\" class=\"\"\/>                                <\/td>\n<td class=\"wahrscheinlichkeit-auf\" rowspan=\"2\">\n<p>\u00a0<\/p>\n<p>                                        57                                        %\n                                                                        <\/td>\n<td class=\"vereinswappen\" rowspan=\"2\">\n                                    <img decoding=\"async\" src=\"https:\/\/www.europesays.com\/de\/wp-content\/uploads\/2025\/07\/79.png\" title=\"VfB Stuttgart\" alt=\"VfB Stuttgart\" class=\"\"\/>                                <\/td>\n<td class=\"vereinsname\">\n                                    VfB Stuttgart                                <\/td>\n<\/tr>\n<tr>\n<td>\n                                    Jupiler Pro League                                <\/td>\n<td>\n                                    Bundesliga                                <\/td>\n<\/tr>\n<\/td>\n<\/tr>\n<p>    <\/a>\n<\/p>\n<p>Konkret ist auch ein Last-Minute-Wechsel zum VfB von Offensivspieler <a title=\"Bilal El Khannouss\" href=\"https:\/\/www.transfermarkt.de\/bilal-el-khannouss\/profil\/spieler\/654982\" target=\"_blank\" rel=\"noopener\">Bilal El Khannouss<\/a> (21), dessen Marktwert 28 Mio. Euro betr\u00e4gt. Nach Transfermarkt-Infos befindet sich der marokkanische Nationalspieler in Diensten von\u00a0<a title=\"Leicester City\" href=\"https:\/\/www.transfermarkt.de\/leicester-city\/startseite\/verein\/1003\" target=\"_blank\" rel=\"noopener\">Leicester City<\/a>\u00a0ebenfalls schon in Stuttgart, um letzte Details zu kl\u00e4ren. Perfekt ist der Deal aber noch nicht. Mit den Foxes wurde laut \u201eSky\u201c Einigung \u00fcber eine Abl\u00f6se von 25 Mio. Euro inklusive Boni erzielt. Bis Montag, 20 Uhr, ist noch Zeit, die gesuchten Neuzug\u00e4nge beisammen zu haben. Dann schlie\u00dft in Deutschland das Transferfenster.<\/p>\n<p><\/p>\n<p>Oh erzielte in der letzten Saison neun Tore f\u00fcr Genk und traf auch schon in der neuen Spielzeit in der Meisterschaft sowie in der Qualifikation zur Europa League. F\u00fcr die Begegnung am Sonntagabend (19:15 Uhr) gegen Zulte Waregem ist der S\u00fcdkoreaner nicht Teil des Kaders. Genk hatte im letzten Sommer f\u00fcr ihn 2,7 Mio. Euro an Celtic Glasgow gezahlt, w\u00fcrde also einen enormen Gewinn mit dem Angreifer verbuchen. Daneben stehen die Limburger vor dem Verkauf von Top-Torsch\u00fctze <a title=\"Tolu Arokodare\" href=\"https:\/\/www.transfermarkt.de\/tolu-arokodare\/profil\/spieler\/683571\" target=\"_blank\" rel=\"noopener\">Tolu Arokodare<\/a> (24), der mit einem Wechsel zu den Wolverhampton Wanderers ebenfalls 27 Mio. Euro einbringen soll.<\/p>\n<p><\/p>\n<p>Oh hat insgesamt 47 Partien (14 Tore, vier Vorlagen) f\u00fcr das Team von Trainer <a title=\"Thorsten Fink\" href=\"https:\/\/www.transfermarkt.de\/thorsten-fink\/profil\/trainer\/3770\" target=\"_blank\" rel=\"noopener\">Thorsten Fink<\/a> absolviert. Stuttgart kassierte mit dem Verkauf von <a title=\"Nick Woltemade\" href=\"https:\/\/www.transfermarkt.de\/nick-woltemade\/profil\/spieler\/455661\" target=\"_blank\" rel=\"noopener\">Nick Woltemade<\/a> (23) an Newcastle United garantierte 85 Mio. Euro und hat <a href=\"https:\/\/www.transfermarkt.de\/vfb-stuttgart\/transfers\/verein\/79\/saison_id\/2025\" target=\"_blank\" rel=\"noopener\">mit weiteren Verk\u00e4ufen mehr als 125 Mio. Euro eingenommen<\/a>. Die Ausgaben des VfB liegen bislang bei knapp 50 Mio. Euro. Am Sonntag pr\u00e4sentierten die Stuttgarter den 20 Jahre alten Fl\u00fcgelst\u00fcrmer <a title=\"Badredine Bouanani\" href=\"https:\/\/www.transfermarkt.de\/badredine-bouanani\/profil\/spieler\/707242\" target=\"_blank\" rel=\"noopener\">Badredine Bouanani<\/a> als sechsten Neuzugang. Dabei wird es nicht bleiben.<\/p>\n<p><\/p>\n","protected":false},"excerpt":{"rendered":"Summe doch unterhalb Undavs\u00a0 \u00a9IMAGO Der Artikel erschien in erster Fassung am 31. August und wurde am 1.&hellip;\n","protected":false},"author":2,"featured_media":388073,"comment_status":"","ping_status":"","sticky":false,"template":"","format":"standard","meta":{"footnotes":""},"categories":[1830],"tags":[1634,299,3364,29,30,104312,49496,1441,2915],"class_list":{"0":"post-388072","1":"post","2":"type-post","3":"status-publish","4":"format-standard","5":"has-post-thumbnail","7":"category-stuttgart","8":"tag-baden-wuerttemberg","9":"tag-bundesliga","10":"tag-de","11":"tag-deutschland","12":"tag-germany","13":"tag-hyeon-gyu-oh","14":"tag-krc-genk","15":"tag-stuttgart","16":"tag-vfb-stuttgart"},"share_on_mastodon":{"url":"https:\/\/pubeurope.com\/@de\/115128187319268605","error":""},"_links":{"self":[{"href":"https:\/\/www.europesays.com\/de\/wp-json\/wp\/v2\/posts\/388072","targetHints":{"allow":["GET"]}}],"collection":[{"href":"https:\/\/www.europesays.com\/de\/wp-json\/wp\/v2\/posts"}],"about":[{"href":"https:\/\/www.europesays.com\/de\/wp-json\/wp\/v2\/types\/post"}],"author":[{"embeddable":true,"href":"https:\/\/www.europesays.com\/de\/wp-json\/wp\/v2\/users\/2"}],"replies":[{"embeddable":true,"href":"https:\/\/www.europesays.com\/de\/wp-json\/wp\/v2\/comments?post=388072"}],"version-history":[{"count":0,"href":"https:\/\/www.europesays.com\/de\/wp-json\/wp\/v2\/posts\/388072\/revisions"}],"wp:featuredmedia":[{"embeddable":true,"href":"https:\/\/www.europesays.com\/de\/wp-json\/wp\/v2\/media\/388073"}],"wp:attachment":[{"href":"https:\/\/www.europesays.com\/de\/wp-json\/wp\/v2\/media?parent=388072"}],"wp:term":[{"taxonomy":"category","embeddable":true,"href":"https:\/\/www.europesays.com\/de\/wp-json\/wp\/v2\/categories?post=388072"},{"taxonomy":"post_tag","embeddable":true,"href":"https:\/\/www.europesays.com\/de\/wp-json\/wp\/v2\/tags?post=388072"}],"curies":[{"name":"wp","href":"https:\/\/api.w.org\/{rel}","templated":true}]}}