{"id":388502,"date":"2025-09-01T13:43:12","date_gmt":"2025-09-01T13:43:12","guid":{"rendered":"https:\/\/www.europesays.com\/de\/388502\/"},"modified":"2025-09-01T13:43:12","modified_gmt":"2025-09-01T13:43:12","slug":"jadon-sancho-wechselt-nicht-nach-dortmund","status":"publish","type":"post","link":"https:\/\/www.europesays.com\/de\/388502\/","title":{"rendered":"Jadon Sancho wechselt nicht nach Dortmund"},"content":{"rendered":"<ol class=\"id-DonaldBreadcrumb lp_west_breadcrumb id-DonaldBreadcrumb--default\" data-k5a-pos=\"west_breadcrumb\">\n<li class=\"id-Breadcrumb-item\"><a href=\"https:\/\/www.hersfelder-zeitung.de\/\" class=\"id-Breadcrumb-link\" data-id-ec=\"{\" shn=\"\" textlink=\"\" zeitung=\"\" data-k5a-pos=\"1_hersfelderZeitung\" rel=\"nofollow noopener\" target=\"_blank\">Hersfelder Zeitung<\/a><\/li>\n<li class=\"id-Breadcrumb-item\"><a href=\"https:\/\/www.hersfelder-zeitung.de\/sport\/\" class=\"id-Breadcrumb-link\" data-id-ec=\"{\" shn=\"\" textlink=\"\" data-k5a-pos=\"2_sport\" rel=\"nofollow noopener\" target=\"_blank\">Sport<\/a><\/li>\n<li class=\"id-Breadcrumb-item\"><a href=\"https:\/\/www.hersfelder-zeitung.de\/sport\/fussball\/\" class=\"id-Breadcrumb-link\" data-id-ec=\"{\" shn=\"\" textlink=\"\" data-k5a-pos=\"3_fussball\" rel=\"nofollow noopener\" target=\"_blank\">Fu\u00dfball<\/a><\/li>\n<\/ol>\n<p class=\"id-Story-timestamp id-Story-timestamp--default\">Stand: 01.09.2025, 14:46 Uhr<\/p>\n<p class=\"id-Story-authors id-Story-authors--default\">Von: <a class=\"id-Story-authors-link lp_west_author\" href=\"https:\/\/www.hersfelder-zeitung.de\/autor\/lukas-rauer-tnfvzf433.html\" title=\"Zur Autorenseite von Lukas Rauer\" data-id-ec=\"{\" shn=\"\" author-link=\"\" rauer=\"\" data-k5a-pos=\"west_author\" rel=\"nofollow noopener\" target=\"_blank\">Lukas Rauer<\/a><\/p>\n<p class=\"id-Story-interactionBar id-Story-interactionBar--default\"><a href=\"#id-Comments\" class=\"id-Story-interactionBar-link--commentAction lp_west_commentAction id-Story-interactionBar-link--commentAction--default\" data-id-ec=\"{\" shn=\"\" comment-action=\"\" data-k5a-pos=\"west_commentAction\">Kommentare<\/a>DruckenTeilen<\/p>\n<p><img decoding=\"async\" class=\"id-RatioPlaceholder-element wv_story_el_image\" src=\"https:\/\/www.europesays.com\/de\/wp-content\/uploads\/2025\/09\/39517369-ex-bvb-profi-jadon-sancho-im-trikot-des-fc-chelsea-2br5NIwvqPfe.jpg\" loading=\"eager\" fetchpriority=\"high\"   height=\"619\" width=\"1100\" alt=\"Ex-BVB-Profi Jadon Sancho im Trikot des FC Chelsea\"\/>Im Fokus der BVB-Berichterstattung: Jadon Sancho. \u00a9\u00a0Mikolaj Barbanell\/Imago<\/p>\n<p class=\"id-StoryElement-leadText\">Viele BVB-Fans hoffen bis zur letzten Sekunde des Deadline Days auf Jadon Sancho. Sebastian Kehl ordnete den Transfer-Traum jetzt ein.<\/p>\n<p>Mehr zum Thema<a class=\"id-StoryElement-relatedStories-element-link\" data-id-ec=\"{\" shn=\"\" teaserlink=\"\" data-k5a-pos=\"west_story_7_relatedStories_1_human\" href=\"https:\/\/www.ruhr24.de\/bvb\/bvb-transfer-news-jadon-sancho-sebastian-kehl-deadline-day-wechsel-geruecht-borussia-dortmund-93911034.html\" title=\"BVB - undefined\" rel=\"nofollow noopener\" target=\"_blank\"><img decoding=\"async\" class=\"id-RatioPlaceholder-element wv_story_el_relatedStoryImage\" src=\"https:\/\/www.europesays.com\/de\/wp-content\/uploads\/2025\/09\/39537520-jadon-sancho-1WXu5Id2mMTJ.jpg\" loading=\"lazy\"   height=\"2658\" width=\"4000\" alt=\"Jadon Sancho im Trikot des FC Chelsea\"\/>BVB-Transfer von Jadon Sancho? Sebastian Kehl spricht am Deadline Day Klartext<\/a><\/p>\n<p class=\"id-StoryElement-paragraph\">Dortmund \u2013 Jadon Sancho erfreut sich bei <a href=\"https:\/\/www.ruhr24.de\/bvb\/\" target=\"_blank\" class=\"id-import-Link id-pageApi-Link--externalDomain\" data-id-ec=\"{&quot;sht&quot;:&quot;Container&quot;,&quot;shn&quot;:&quot;Story&quot;,&quot;p&quot;:{&quot;containerType&quot;:&quot;Paragraph&quot;,&quot;displayType&quot;:&quot;Paragraph InlineLink&quot;,&quot;type&quot;:&quot;INLINE_LINK&quot;,&quot;value&quot;:&quot;Borussia Dortmund&quot;,&quot;variant&quot;:&quot;standardLink&quot;,&quot;sponsored&quot;:false,&quot;linkHref&quot;:&quot;https:\/\/www.ruhr24.de\/bvb\/&quot;,&quot;storyElementPosition&quot;:10,&quot;storyElementCount&quot;:11}}\" rel=\"nofollow noopener\">Borussia Dortmund<\/a> und seinen Anh\u00e4ngern nach wie vor gro\u00dfer Beliebtheit. Zu einem <a href=\"https:\/\/www.ruhr24.de\/bvb\/bvb-transfer-news-jadon-sancho-sebastian-kehl-deadline-day-wechsel-geruecht-borussia-dortmund-93911034.html\" class=\"id-import-Link id-pageApi-Link--externalDomain\" data-id-ec=\"{&quot;sht&quot;:&quot;Container&quot;,&quot;shn&quot;:&quot;Story&quot;,&quot;p&quot;:{&quot;containerType&quot;:&quot;Paragraph&quot;,&quot;displayType&quot;:&quot;Paragraph InlineLink&quot;,&quot;type&quot;:&quot;INLINE_LINK&quot;,&quot;value&quot;:&quot;dritten BVB-Engagement wird es in diesem Sommer jedoch nicht kommen&quot;,&quot;variant&quot;:&quot;standardLink&quot;,&quot;sponsored&quot;:false,&quot;linkHref&quot;:&quot;https:\/\/www.ruhr24.de\/bvb\/bvb-transfer-news-jadon-sancho-sebastian-kehl-deadline-day-wechsel-geruecht-borussia-dortmund-93911034.html&quot;,&quot;storyElementPosition&quot;:10,&quot;storyElementCount&quot;:11}}\" rel=\"nofollow noopener\" target=\"_blank\">dritten BVB-Engagement wird es in diesem Sommer jedoch nicht kommen<\/a> (mehr <a href=\"https:\/\/www.ruhr24.de\/bvb\/bvb-transfer-news-sti1521411\/\" target=\"_blank\" class=\"id-import-Link id-pageApi-Link--externalDomain\" data-id-ec=\"{&quot;sht&quot;:&quot;Container&quot;,&quot;shn&quot;:&quot;Story&quot;,&quot;p&quot;:{&quot;containerType&quot;:&quot;Paragraph&quot;,&quot;displayType&quot;:&quot;Paragraph InlineLink&quot;,&quot;type&quot;:&quot;INLINE_LINK&quot;,&quot;value&quot;:&quot;Transfer-News zum BVB&quot;,&quot;variant&quot;:&quot;standardLink&quot;,&quot;sponsored&quot;:false,&quot;linkHref&quot;:&quot;https:\/\/www.ruhr24.de\/bvb\/bvb-transfer-news-sti1521411\/&quot;,&quot;storyElementPosition&quot;:10,&quot;storyElementCount&quot;:11}}\" rel=\"nofollow noopener\">Transfer-News zum BVB<\/a> bei RUHR24).<\/p>\n<p class=\"id-StoryElement-paragraph\">Gegen\u00fcber Sky stelle Sportdirektor Sebastian Kehl klar: \u201eJadon Sancho wird nicht zum BVB wechseln. Wir m\u00fcssen abw\u00e4gen und in unseren wirtschaftlichen M\u00f6glichkeiten bleiben. Wir k\u00f6nnen keine extrem verr\u00fcckten Dinge machen.\u201c<\/p>\n<p>Auch interessantKommentareTeilen<\/p>\n","protected":false},"excerpt":{"rendered":"Hersfelder Zeitung Sport Fu\u00dfball Stand: 01.09.2025, 14:46 Uhr Von: Lukas Rauer KommentareDruckenTeilen Im Fokus der BVB-Berichterstattung: Jadon Sancho.&hellip;\n","protected":false},"author":2,"featured_media":388503,"comment_status":"","ping_status":"","sticky":false,"template":"","format":"standard","meta":{"footnotes":""},"categories":[1833],"tags":[3364,29,217,30,1209],"class_list":{"0":"post-388502","1":"post","2":"type-post","3":"status-publish","4":"format-standard","5":"has-post-thumbnail","7":"category-dortmund","8":"tag-de","9":"tag-deutschland","10":"tag-dortmund","11":"tag-germany","12":"tag-nordrhein-westfalen"},"share_on_mastodon":{"url":"https:\/\/pubeurope.com\/@de\/115129339630016877","error":""},"_links":{"self":[{"href":"https:\/\/www.europesays.com\/de\/wp-json\/wp\/v2\/posts\/388502","targetHints":{"allow":["GET"]}}],"collection":[{"href":"https:\/\/www.europesays.com\/de\/wp-json\/wp\/v2\/posts"}],"about":[{"href":"https:\/\/www.europesays.com\/de\/wp-json\/wp\/v2\/types\/post"}],"author":[{"embeddable":true,"href":"https:\/\/www.europesays.com\/de\/wp-json\/wp\/v2\/users\/2"}],"replies":[{"embeddable":true,"href":"https:\/\/www.europesays.com\/de\/wp-json\/wp\/v2\/comments?post=388502"}],"version-history":[{"count":0,"href":"https:\/\/www.europesays.com\/de\/wp-json\/wp\/v2\/posts\/388502\/revisions"}],"wp:featuredmedia":[{"embeddable":true,"href":"https:\/\/www.europesays.com\/de\/wp-json\/wp\/v2\/media\/388503"}],"wp:attachment":[{"href":"https:\/\/www.europesays.com\/de\/wp-json\/wp\/v2\/media?parent=388502"}],"wp:term":[{"taxonomy":"category","embeddable":true,"href":"https:\/\/www.europesays.com\/de\/wp-json\/wp\/v2\/categories?post=388502"},{"taxonomy":"post_tag","embeddable":true,"href":"https:\/\/www.europesays.com\/de\/wp-json\/wp\/v2\/tags?post=388502"}],"curies":[{"name":"wp","href":"https:\/\/api.w.org\/{rel}","templated":true}]}}