{"id":388547,"date":"2025-09-01T14:06:19","date_gmt":"2025-09-01T14:06:19","guid":{"rendered":"https:\/\/www.europesays.com\/de\/388547\/"},"modified":"2025-09-01T14:06:19","modified_gmt":"2025-09-01T14:06:19","slug":"achille-mbembes-die-terrestrische-gemeinschaft","status":"publish","type":"post","link":"https:\/\/www.europesays.com\/de\/388547\/","title":{"rendered":"Achille Mbembes \u201eDie terrestrische Gemeinschaft\u201c"},"content":{"rendered":"<p>FAZ+Achille Mbembe als Indigenist : <\/p>\n<p>Der planetarische K\u00f6rper ist jetzt f\u00e4llig<\/p>\n<p>01.09.2025, 15:31Lesezeit: 5 Min.<\/p>\n<p><img decoding=\"async\" alt=\"Ob dem Herrn links Hinweise auf die Lebenskraft im Schl\u00fcsselbein geholfen h\u00e4tten? Olaf Scholz, damals noch Oberb\u00fcrgermeister von Hamburg, und Achille Mbembe 2017 im Hamburger Thalia Theater.\" fetchpriority=\"high\" height=\"2104\" loading=\"eager\"  src=\"https:\/\/www.europesays.com\/de\/wp-content\/uploads\/2025\/09\/ob-dem-herrn-links-hinweise.jpg\" width=\"3000\" class=\"flex h-auto w-full\" tabindex=\"0\" data-selector=\"header-teaser-image\"\/>Bildbeschreibung ausklappen<\/p>\n<p>Ob dem Herrn links Hinweise auf die Lebenskraft im Schl\u00fcsselbein geholfen h\u00e4tten? Olaf Scholz, damals noch Oberb\u00fcrgermeister von Hamburg, und Achille Mbembe 2017 im Hamburger Thalia Theater.picture alliance \/ Daniel Bockwoldt\/dpa<\/p>\n<p class=\"xs:p1-intro sm:p1-intro-medium flex items-start gap-[10px] pb-[30px]\" data-external-selector=\"header-teaser\">An Afrika genesen und die Lebenskraft in den Schl\u00fcsselbeinen entdecken: Achille Mbembe erleidet einen schweren R\u00fcckfall in indigenistische \u00dcberzeugungen und Weisheiten.<\/p>\n","protected":false},"excerpt":{"rendered":"FAZ+Achille Mbembe als Indigenist : Der planetarische K\u00f6rper ist jetzt f\u00e4llig 01.09.2025, 15:31Lesezeit: 5 Min. Bildbeschreibung ausklappen Ob&hellip;\n","protected":false},"author":2,"featured_media":388548,"comment_status":"","ping_status":"","sticky":false,"template":"","format":"standard","meta":{"footnotes":""},"categories":[1774],"tags":[1784,1785,29,214,30,215],"class_list":{"0":"post-388547","1":"post","2":"type-post","3":"status-publish","4":"format-standard","5":"has-post-thumbnail","7":"category-buecher","8":"tag-books","9":"tag-buecher","10":"tag-deutschland","11":"tag-entertainment","12":"tag-germany","13":"tag-unterhaltung"},"share_on_mastodon":{"url":"https:\/\/pubeurope.com\/@de\/115129429879035941","error":""},"_links":{"self":[{"href":"https:\/\/www.europesays.com\/de\/wp-json\/wp\/v2\/posts\/388547","targetHints":{"allow":["GET"]}}],"collection":[{"href":"https:\/\/www.europesays.com\/de\/wp-json\/wp\/v2\/posts"}],"about":[{"href":"https:\/\/www.europesays.com\/de\/wp-json\/wp\/v2\/types\/post"}],"author":[{"embeddable":true,"href":"https:\/\/www.europesays.com\/de\/wp-json\/wp\/v2\/users\/2"}],"replies":[{"embeddable":true,"href":"https:\/\/www.europesays.com\/de\/wp-json\/wp\/v2\/comments?post=388547"}],"version-history":[{"count":0,"href":"https:\/\/www.europesays.com\/de\/wp-json\/wp\/v2\/posts\/388547\/revisions"}],"wp:featuredmedia":[{"embeddable":true,"href":"https:\/\/www.europesays.com\/de\/wp-json\/wp\/v2\/media\/388548"}],"wp:attachment":[{"href":"https:\/\/www.europesays.com\/de\/wp-json\/wp\/v2\/media?parent=388547"}],"wp:term":[{"taxonomy":"category","embeddable":true,"href":"https:\/\/www.europesays.com\/de\/wp-json\/wp\/v2\/categories?post=388547"},{"taxonomy":"post_tag","embeddable":true,"href":"https:\/\/www.europesays.com\/de\/wp-json\/wp\/v2\/tags?post=388547"}],"curies":[{"name":"wp","href":"https:\/\/api.w.org\/{rel}","templated":true}]}}