{"id":388578,"date":"2025-09-01T14:22:17","date_gmt":"2025-09-01T14:22:17","guid":{"rendered":"https:\/\/www.europesays.com\/de\/388578\/"},"modified":"2025-09-01T14:22:17","modified_gmt":"2025-09-01T14:22:17","slug":"marvin-rittmueller-wechselt-zum-tsv-1860-muenchen","status":"publish","type":"post","link":"https:\/\/www.europesays.com\/de\/388578\/","title":{"rendered":"Marvin Rittm\u00fcller wechselt zum TSV 1860 M\u00fcnchen"},"content":{"rendered":"<p>\t\t&#13;<br \/>\n\t\t\t&#13;<br \/>\n\t\t&#13;<br \/>\n&#13;<br \/>\n\t  <img decoding=\"async\" data-src=\"https:\/\/www.eintracht.com\/fileadmin\/_processed_\/a\/6\/csm_Marvin_Rittmueller_Abgang_Zerbe_2d337aabe9.jpg\" data- data- src=\"data:image\/svg+xml;charset=utf-8,%3Csvg%20xmlns=\" http:=\"\" class=\"js-lazy-load\" alt=\"\"\/>&#13;<br \/>\n&#13;<br \/>\n\t  &#13;<br \/>\n  &#13;<br \/>\n&#13;<\/p>\n<p>01.09.2025<\/p>\n<p><strong>Defensivspieler verl\u00e4sst L\u00f6wen nach zwei Jahren<\/strong><\/p>\n<p><strong>Marvin Rittm\u00fcller verl\u00e4sst Eintracht Braunschweig: Nach zwei Saisons endet die Zeit des Defensivspielers bei den L\u00f6wen. Er wechselt mit sofortiger Wirkung fest zum Drittligisten TSV 1860 M\u00fcnchen.<\/strong><\/p>\n<p>Der 26-J\u00e4hrige kam zur Saison 2023\/2024 vom 1. FC Heidenheim an die Hamburger Stra\u00dfe. In zwei Spielzeiten erreichte der Rechtsverteidiger mit den L\u00f6wen zweimal das Ziel Klassenerhalt. Insgesamt 52-mal lief Rittm\u00fcller in den vergangenen zwei Jahren in blau-gelb auf, dabei gelangen ihm ein Treffer und zwei Vorlagen.\u00a0<\/p>\n<p>\u201eIn den vergangenen zwei Jahren hat Marvin mit viel Einsatz und Leidenschaft zum Erfolg von Eintracht Braunschweig beigetragen. Auch dank ihm konnten wir als Verein gemeinsam unsere sportlichen Ziele erreichen. Wir w\u00fcnschen Marvin f\u00fcr seine Zukunft auf und neben dem Platz alles erdenklich Gute und danken ihm f\u00fcr seinen Einsatz!\u201c, erl\u00e4utert Benjamin Kessel, Gesch\u00e4ftsf\u00fchrer Sport bei den L\u00f6wen.<\/p>\n","protected":false},"excerpt":{"rendered":"&#13; &#13; &#13; &#13; &#13; &#13; &#13; &#13; &#13; 01.09.2025 Defensivspieler verl\u00e4sst L\u00f6wen nach zwei Jahren Marvin Rittm\u00fcller&hellip;\n","protected":false},"author":2,"featured_media":388579,"comment_status":"","ping_status":"","sticky":false,"template":"","format":"standard","meta":{"footnotes":""},"categories":[1850],"tags":[6429,3364,29,548,663,3934,30,13,14,15,1411,12],"class_list":{"0":"post-388578","1":"post","2":"type-post","3":"status-publish","4":"format-standard","5":"has-post-thumbnail","7":"category-braunschweig","8":"tag-braunschweig","9":"tag-de","10":"tag-deutschland","11":"tag-eu","12":"tag-europa","13":"tag-europe","14":"tag-germany","15":"tag-headlines","16":"tag-nachrichten","17":"tag-news","18":"tag-niedersachsen","19":"tag-schlagzeilen"},"share_on_mastodon":{"url":"https:\/\/pubeurope.com\/@de\/115129492708105724","error":""},"_links":{"self":[{"href":"https:\/\/www.europesays.com\/de\/wp-json\/wp\/v2\/posts\/388578","targetHints":{"allow":["GET"]}}],"collection":[{"href":"https:\/\/www.europesays.com\/de\/wp-json\/wp\/v2\/posts"}],"about":[{"href":"https:\/\/www.europesays.com\/de\/wp-json\/wp\/v2\/types\/post"}],"author":[{"embeddable":true,"href":"https:\/\/www.europesays.com\/de\/wp-json\/wp\/v2\/users\/2"}],"replies":[{"embeddable":true,"href":"https:\/\/www.europesays.com\/de\/wp-json\/wp\/v2\/comments?post=388578"}],"version-history":[{"count":0,"href":"https:\/\/www.europesays.com\/de\/wp-json\/wp\/v2\/posts\/388578\/revisions"}],"wp:featuredmedia":[{"embeddable":true,"href":"https:\/\/www.europesays.com\/de\/wp-json\/wp\/v2\/media\/388579"}],"wp:attachment":[{"href":"https:\/\/www.europesays.com\/de\/wp-json\/wp\/v2\/media?parent=388578"}],"wp:term":[{"taxonomy":"category","embeddable":true,"href":"https:\/\/www.europesays.com\/de\/wp-json\/wp\/v2\/categories?post=388578"},{"taxonomy":"post_tag","embeddable":true,"href":"https:\/\/www.europesays.com\/de\/wp-json\/wp\/v2\/tags?post=388578"}],"curies":[{"name":"wp","href":"https:\/\/api.w.org\/{rel}","templated":true}]}}