{"id":388827,"date":"2025-09-01T16:34:12","date_gmt":"2025-09-01T16:34:12","guid":{"rendered":"https:\/\/www.europesays.com\/de\/388827\/"},"modified":"2025-09-01T16:34:12","modified_gmt":"2025-09-01T16:34:12","slug":"muenchen-heute-nachrichten-vom-01-09-2025-muenchen","status":"publish","type":"post","link":"https:\/\/www.europesays.com\/de\/388827\/","title":{"rendered":"M\u00fcnchen heute &#8211; Nachrichten vom 01.09.2025 &#8211; M\u00fcnchen"},"content":{"rendered":"<p data-manual=\"teaserText\" data-schema-org-speakable=\"true\">Ein Stadtplanungskonzept und Ma\u00dfnahmen, die die Stadt vor \u00dcberschwemmungen sch\u00fctzen k\u00f6nnen, zweiter Verd\u00e4chtiger nach T\u00f6tungsdelikt im Domagkpark am Flughafen festgenommen, erste Eindr\u00fccke vom IAA-Aufbau und mehr.<\/p>\n<p> div:not([style*=&#8217;display: none&#8216;]):not(.iqdnoad)){margin-bottom:60px;margin-top:60px;}}]]> div:not([style*=&#8217;display: none&#8216;]):not(.iqdnoad))::before{content:none;}@media screen and (min-width: 768px){.css-wglhfu{margin-bottom:0;margin-top:0;}}@media screen and (min-width: 768px){.css-wglhfu{margin-left:0;margin-right:0;}}@media screen and (min-width: 1000px){.css-wglhfu{margin-left:-180px;width:1000px;}.css-wglhfu:has(> div:not([style*=&#8217;display: none&#8216;]):not(.iqdnoad)){margin-bottom:60px;margin-top:60px;}}]]> div:not([style*=&#8217;display: none&#8216;]):not(.iqdnoad))::before{content:none;}@media screen and (min-width: 768px){.css-1qhsfhd{margin-bottom:0;margin-top:0;}}@media screen and (min-width: 768px){.css-1qhsfhd{display:block;}}@media screen and (min-width: 768px){.css-1qhsfhd{margin-left:0;margin-right:0;}}@media screen and (min-width: 1000px){.css-1qhsfhd{margin-left:-180px;width:1000px;}.css-1qhsfhd:has(> div:not([style*=&#8217;display: none&#8216;]):not(.iqdnoad)){margin-bottom:60px;margin-top:60px;}}]]><\/p>\n<p data-manual=\"paragraph\" data-schema-org-speakable=\"true\" class=\"css-xboolz\"><strong>DER TAG IN <\/strong><strong><a href=\"https:\/\/www.sueddeutsche.de\/thema\/M%C3%BCnchen\" rel=\"nofollow noopener\" target=\"_blank\">M\u00dcNCHEN<\/a><\/strong><\/p>\n<p data-manual=\"paragraph\" data-schema-org-speakable=\"true\" class=\"css-xboolz\"><strong>Wie M\u00fcnchen sich vor Starkregen sch\u00fctzt<\/strong> Wenn pl\u00f6tzlich Wassermassen vom Himmel kommen, drohen St\u00e4dten \u00dcberschwemmungen. Wie bereitet sich M\u00fcnchen auf solche Gefahren vor? Welche Schutzma\u00dfnahmen werden ergriffen? <a href=\"https:\/\/www.sueddeutsche.de\/muenchen\/muenchen-klimawandel-erwaermung-schwammstadt-li.3277915\" rel=\"nofollow noopener\" target=\"_blank\">Und was kann jeder Einzelne tun?\u00a0(SZ Plus)<\/a><\/p>\n<p data-manual=\"paragraph\" data-schema-org-speakable=\"true\" class=\"css-xboolz\"><strong>Versuchtes T\u00f6tungsdelikt im Domagkpark: Zweiter Verd\u00e4chtiger am Flughafen festgenommen<\/strong> Bei der Auseinandersetzung zwischen 30 Personen waren zwei M\u00e4nner schwer verletzt worden. <a href=\"https:\/\/www.sueddeutsche.de\/muenchen\/muenchen-max-bill-strasse-festnahme-verdaechtiger-domagkpark-li.3306314\" rel=\"nofollow noopener\" target=\"_blank\">Zielfahnder warteten nach der Einreise des 21-J\u00e4hrigen bereits mit einem Haftbefehl.<\/a><\/p>\n<p data-manual=\"paragraph\" data-schema-org-speakable=\"true\" class=\"css-xboolz\"><strong><a href=\"https:\/\/www.sueddeutsche.de\/thema\/IAA\" rel=\"nofollow noopener\" target=\"_blank\">IAA<\/a><\/strong><strong> in M\u00fcnchen: So verwandelt sich die Stadt<\/strong> Der Aufbau f\u00fcr die Messe hat begonnen.\u00a0<a href=\"https:\/\/www.sueddeutsche.de\/muenchen\/muenchen-iaa-mobility-stadtzentrum-open-space-li.3306020\" rel=\"nofollow noopener\" target=\"_blank\">Wie Autohersteller ihre Vehikel inszenieren und wo man ein riesiges S-Bahn-Modell begehen kann.<\/a><\/p>\n<p data-manual=\"paragraph\" data-schema-org-speakable=\"true\" class=\"css-xboolz\"><strong>Dreij\u00e4hrige k\u00e4mpft Martial Arts \u2013 ernsthaft?<\/strong> In einer M\u00fcnchner Kampfsportschule sollen Heranwachsende Respekt und Disziplin \u00fcben. Ist das sinnvoll? <a href=\"https:\/\/www.sueddeutsche.de\/muenchen\/muenchen-kinder-mma-kampfsport-li.3305795\" rel=\"nofollow noopener\" target=\"_blank\">Was Experten dazu sagen und was einen guten Trainer ausmacht (SZ Plus).<\/a><\/p>\n<p data-manual=\"paragraph\" data-schema-org-speakable=\"true\" class=\"css-xboolz\"><strong>WEITERE NACHRICHTEN<\/strong><\/p>\n<p data-manual=\"paragraph\" data-schema-org-speakable=\"true\" class=\"css-xboolz\"><strong>Ostbahnhof:<\/strong>\u00a0<a href=\"https:\/\/www.sueddeutsche.de\/muenchen\/muenchen-zweite-stammstrecke-ostbahnhof-fussgaengerbruecke-verkehr-li.3304534\" rel=\"nofollow noopener\" target=\"_blank\">Eine neue Br\u00fccke ins Werksviertel<\/a><\/p>\n<p data-manual=\"paragraph\" data-schema-org-speakable=\"true\" class=\"css-xboolz\"><strong>Open-Air im M\u00fcnchner Olympiapark:<\/strong>\u00a0<a href=\"https:\/\/www.sueddeutsche.de\/muenchen\/superbloom-muenchen-shawn-mendes-hozier-kritik-li.3301619\" rel=\"nofollow noopener\" target=\"_blank\">Finale mit H\u00f6llenhund: So war das Superbloom-Festival<\/a><\/p>\n<p data-manual=\"paragraph\" data-schema-org-speakable=\"true\" class=\"css-xboolz\"><strong>Urteil am Landgericht M\u00fcnchen:<\/strong>\u00a0<a href=\"https:\/\/www.sueddeutsche.de\/muenchen\/muenchen-prozess-ladenflaechen-stachus-untergeschoss-li.3305073\" rel=\"nofollow noopener\" target=\"_blank\">L\u00e4den im Stachus-Untergeschoss d\u00fcrfen nicht leerstehen<\/a><\/p>\n<p data-manual=\"paragraph\" data-schema-org-speakable=\"true\" class=\"css-xboolz\"><strong>M\u00dcNCHEN ERLESEN<\/strong><\/p>\n<p><a href=\"https:\/\/www.sueddeutsche.de\/muenchen\/opera-incognita-klinikum-grosshadern-gluck-alceste-krankenhaus-kritik-li.3293050\" aria-label=\"Artikelverlinkung:\" data-track-szde=\"{&quot;event&quot;:&quot;teaser_clicked&quot;,&quot;teaser_clicked&quot;:{&quot;article_title&quot;:&quot;glucks_alceste_bei_den_goettern_in_weiss&quot;,&quot;doctype&quot;:&quot;&quot;,&quot;label&quot;:&quot;&quot;,&quot;main_topic&quot;:&quot;kultur_in_muenchen&quot;,&quot;object_id&quot;:&quot;li.3293050&quot;,&quot;pcat&quot;:&quot;metered&quot;,&quot;section&quot;:&quot;muenchen&quot;,&quot;teaser_type&quot;:&quot;article_teaser_top&quot;}}\" data-manual=\"teaser-url\" data-tb-link=\"\" aria-labelledby=\"teaser-httpswwwsueddeutschedemuenchenopera-incognita-klinikum-grosshadern-gluck-alceste-krankenhaus-kritik-li3293050\" class=\"css-14tg8sh\" rel=\"nofollow noopener\" target=\"_blank\"><img decoding=\"async\" src=\"https:\/\/www.europesays.com\/de\/wp-content\/uploads\/2025\/09\/43cbe19c-4fb5-4b91-9a32-fce2f5793778.jpg\"   alt=\"\" loading=\"lazy\" class=\"css-8atqhb\"\/><\/p>\n<p>Opera Incognita M\u00fcnchen<\/p>\n<p>:Glucks \u201eAlceste\u201c bei den G\u00f6ttern in Wei\u00df<\/p>\n<p class=\"css-a6ecqs\" data-manual=\"teaser-text\" data-tb-description=\"\" data-schema-org-speakable=\"true\">Gro\u00dfhadern statt Hades: Die Opera Incognita gastiert mit Glucks \u201eAlceste\u201c in der Mensa des M\u00fcnchner Klinikums. Damit geht ein langgehegter Traum von Krankenhauschef Markus Lerch in Erf\u00fcllung.<\/p>\n<p>Kritik von Egbert Tholl<\/p>\n<p>&#8230;<a href=\"https:\/\/www.sueddeutsche.de\/projekte\/artikel\/politik\/eiscaf-italia-muenchen-familie-ferraro-e341109\/\" aria-label=\"Artikelverlinkung:\" data-track-szde=\"{&quot;event&quot;:&quot;teaser_clicked&quot;,&quot;teaser_clicked&quot;:{&quot;article_title&quot;:&quot;pregooo&quot;,&quot;doctype&quot;:&quot;&quot;,&quot;label&quot;:&quot;szplus&quot;,&quot;main_topic&quot;:&quot;buch_zwei&quot;,&quot;object_id&quot;:&quot;er.e341109&quot;,&quot;pcat&quot;:&quot;paid&quot;,&quot;section&quot;:&quot;politik&quot;,&quot;teaser_type&quot;:&quot;article_teaser_top&quot;}}\" data-manual=\"teaser-url\" data-tb-link=\"\" aria-labelledby=\"teaser-httpswwwsueddeutschedeprojekteartikelpolitikeiscaf-italia-muenchen-familie-ferraro-e341109\" class=\"css-14tg8sh\" rel=\"nofollow noopener\" target=\"_blank\"><img decoding=\"async\" src=\"https:\/\/www.europesays.com\/de\/wp-content\/uploads\/2025\/09\/b3dddca6-0df5-4802-8818-4934a9f343ed.jpg\"   alt=\"\" loading=\"lazy\" class=\"css-8atqhb\"\/><\/p>\n<p>Familie Ferraros Eiscaf\u00e9<\/p>\n<p>:\u201ePregooo!\u201c<\/p>\n<p class=\"css-a6ecqs\" data-manual=\"teaser-text\" data-tb-description=\"\" data-schema-org-speakable=\"true\">Hier sind Handwerker und Schauspielerinnen zu Gast, Kleinkinder und Rollstuhlfahrer, M\u00fcllm\u00e4nner und Grammy-Preistr\u00e4ger: Das Eiscaf\u00e9 Italia in M\u00fcnchen ist ein Ort f\u00fcr alle &#8211; und seine Leichtigkeit hart erarbeitet. Eine Woche mit der nimmerm\u00fcden Einwandererfamilie Ferraro und ihren G\u00e4sten.<\/p>\n<p>SZ PlusVon Bernhard Heckler (Text) und Natalie Neomi Isser (Fotos)<\/p>\n<p data-manual=\"paragraph\" data-schema-org-speakable=\"true\" class=\"css-xboolz\"><strong>UNSER FREIZEITTIPP<\/strong><\/p>\n<p><a href=\"https:\/\/www.sueddeutsche.de\/projekte\/artikel\/muenchen\/muenchen-zweiter-weltkrieg-nationalsozialismus-ns-geschichte-orte-e711092\/\" aria-label=\"Artikelverlinkung:\" data-track-szde=\"{&quot;event&quot;:&quot;teaser_clicked&quot;,&quot;teaser_clicked&quot;:{&quot;article_title&quot;:&quot;spuren_der_tyrannei_in_muenchen&quot;,&quot;doctype&quot;:&quot;&quot;,&quot;label&quot;:&quot;szplus&quot;,&quot;main_topic&quot;:&quot;geschichte_muenchens&quot;,&quot;object_id&quot;:&quot;er.e711092&quot;,&quot;pcat&quot;:&quot;paid&quot;,&quot;section&quot;:&quot;muenchen&quot;,&quot;teaser_type&quot;:&quot;article_teaser_top&quot;}}\" data-manual=\"teaser-url\" data-tb-link=\"\" aria-labelledby=\"teaser-httpswwwsueddeutschedeprojekteartikelmuenchenmuenchen-zweiter-weltkrieg-nationalsozialismus-ns-geschichte-orte-e711092\" class=\"css-14tg8sh\" rel=\"nofollow noopener\" target=\"_blank\"><img decoding=\"async\" src=\"https:\/\/www.europesays.com\/de\/wp-content\/uploads\/2025\/09\/3f718b99-bdd6-46df-9376-d1a0e37c7d66.jpeg\"   alt=\"\" loading=\"lazy\" class=\"css-8atqhb\"\/><\/p>\n<p>Orte mit Nazi-Vergangenheit<\/p>\n<p>:Spuren der Tyrannei in M\u00fcnchen<\/p>\n<p class=\"css-a6ecqs\" data-manual=\"teaser-text\" data-tb-description=\"\" data-schema-org-speakable=\"true\">Die Villa eines ber\u00fchmten Schriftstellers, die zum Lebensborn-Heim wurde, eine Grundschule, in der ein Bombensuchkommando aus KZ-H\u00e4ftlingen hauste, oder ein paar Meter ziviler Ungehorsam in der Stadtmitte: acht Orte mit d\u00fcsterer NS-Geschichte.<\/p>\n<p>SZ PlusVon Katja Schnitzler<\/p>\n<p data-manual=\"paragraph\" data-schema-org-speakable=\"true\" class=\"css-xboolz\"><a href=\"https:\/\/www.sueddeutsche.de\/thema\/Restaurants\" rel=\"nofollow noopener\" target=\"_blank\">Restaurants in M\u00fcnchen<\/a> | <a href=\"https:\/\/www.sueddeutsche.de\/thema\/Bars\" rel=\"nofollow noopener\" target=\"_blank\">Bars in M\u00fcnchen<\/a> | <a href=\"https:\/\/www.sueddeutsche.de\/thema\/Fr%C3%BChst%C3%BCck_und_Brunch\" rel=\"nofollow noopener\" target=\"_blank\">Fr\u00fchst\u00fcck und Brunch<\/a><strong>Zu den Landkreisen:<\/strong> <a href=\"https:\/\/www.sueddeutsche.de\/muenchen\/wolfratshausen\" rel=\"nofollow noopener\" target=\"_blank\">Bad T\u00f6lz-Wolfratshausen<\/a> | <a href=\"https:\/\/www.sueddeutsche.de\/muenchen\/dachau\" rel=\"nofollow noopener\" target=\"_blank\">Dachau<\/a> | <a href=\"https:\/\/www.sueddeutsche.de\/muenchen\/ebersberg\" rel=\"nofollow noopener\" target=\"_blank\">Ebersberg<\/a> | <a href=\"https:\/\/www.sueddeutsche.de\/muenchen\/erding\" rel=\"nofollow noopener\" target=\"_blank\">Erding<\/a> | <a href=\"https:\/\/www.sueddeutsche.de\/muenchen\/freising\" rel=\"nofollow noopener\" target=\"_blank\">Freising<\/a> | <a href=\"https:\/\/www.sueddeutsche.de\/muenchen\/fuerstenfeldbruck\" rel=\"nofollow noopener\" target=\"_blank\">F\u00fcrstenfeldbruck<\/a> | <a href=\"https:\/\/www.sueddeutsche.de\/muenchen\/landkreismuenchen\" rel=\"nofollow noopener\" target=\"_blank\">M\u00fcnchen<\/a> | <a href=\"https:\/\/www.sueddeutsche.de\/muenchen\/starnberg\" rel=\"nofollow noopener\" target=\"_blank\">Starnberg<\/a><\/p>\n","protected":false},"excerpt":{"rendered":"Ein Stadtplanungskonzept und Ma\u00dfnahmen, die die Stadt vor \u00dcberschwemmungen sch\u00fctzen k\u00f6nnen, zweiter Verd\u00e4chtiger nach T\u00f6tungsdelikt im Domagkpark am&hellip;\n","protected":false},"author":2,"featured_media":387201,"comment_status":"","ping_status":"","sticky":false,"template":"","format":"standard","meta":{"footnotes":""},"categories":[1827],"tags":[772,29,30,3192,38033,80,1268,2338,2339,97,60580,149],"class_list":{"0":"post-388827","1":"post","2":"type-post","3":"status-publish","4":"format-standard","5":"has-post-thumbnail","7":"category-muenchen","8":"tag-bayern","9":"tag-deutschland","10":"tag-germany","11":"tag-haidhausen","12":"tag-iaa","13":"tag-kultur","14":"tag-muenchen","15":"tag-newsletter","16":"tag-oberbayern","17":"tag-oper","18":"tag-ostbahnhof-muenchen","19":"tag-sueddeutsche-zeitung"},"share_on_mastodon":{"url":"https:\/\/pubeurope.com\/@de\/115130012071030811","error":""},"_links":{"self":[{"href":"https:\/\/www.europesays.com\/de\/wp-json\/wp\/v2\/posts\/388827","targetHints":{"allow":["GET"]}}],"collection":[{"href":"https:\/\/www.europesays.com\/de\/wp-json\/wp\/v2\/posts"}],"about":[{"href":"https:\/\/www.europesays.com\/de\/wp-json\/wp\/v2\/types\/post"}],"author":[{"embeddable":true,"href":"https:\/\/www.europesays.com\/de\/wp-json\/wp\/v2\/users\/2"}],"replies":[{"embeddable":true,"href":"https:\/\/www.europesays.com\/de\/wp-json\/wp\/v2\/comments?post=388827"}],"version-history":[{"count":0,"href":"https:\/\/www.europesays.com\/de\/wp-json\/wp\/v2\/posts\/388827\/revisions"}],"wp:featuredmedia":[{"embeddable":true,"href":"https:\/\/www.europesays.com\/de\/wp-json\/wp\/v2\/media\/387201"}],"wp:attachment":[{"href":"https:\/\/www.europesays.com\/de\/wp-json\/wp\/v2\/media?parent=388827"}],"wp:term":[{"taxonomy":"category","embeddable":true,"href":"https:\/\/www.europesays.com\/de\/wp-json\/wp\/v2\/categories?post=388827"},{"taxonomy":"post_tag","embeddable":true,"href":"https:\/\/www.europesays.com\/de\/wp-json\/wp\/v2\/tags?post=388827"}],"curies":[{"name":"wp","href":"https:\/\/api.w.org\/{rel}","templated":true}]}}