{"id":388831,"date":"2025-09-01T16:37:21","date_gmt":"2025-09-01T16:37:21","guid":{"rendered":"https:\/\/www.europesays.com\/de\/388831\/"},"modified":"2025-09-01T16:37:21","modified_gmt":"2025-09-01T16:37:21","slug":"pol-hh-250901-3-vermisstenfahndung-nach-12-jaehriger-aus-hamburg-wilhelmsburg","status":"publish","type":"post","link":"https:\/\/www.europesays.com\/de\/388831\/","title":{"rendered":"POL-HH: 250901-3. Vermisstenfahndung nach 12-J\u00e4hriger aus Hamburg-Wilhelmsburg"},"content":{"rendered":"<p class=\"date\">01.09.2025 \u2013 17:59<\/p>\n<p class=\"customer\">\n                        <a class=\"story-customer\" title=\"weiter zum newsroom von Polizei Hamburg\" href=\"https:\/\/www.presseportal.de\/blaulicht\/nr\/6337\" target=\"_blank\" rel=\"noopener\">Polizei Hamburg<\/a>\n                    <\/p>\n<p><a class=\"glightbox event-trigger\" href=\"https:\/\/cache.pressmailing.net\/thumbnail\/story_hires\/df5cdc5e-8f83-4aff-9da3-a9415014bb17\/Fritzenwanker.jpg.jpg\" data-description=\"Vermisste Aaliyah\" data-category=\"medialightbox\" data-action=\"click\" data-label=\"single\" data-value=\"68b5c2f6270000fd2c58d91e\" target=\"_blank\" rel=\"noopener\"><img decoding=\"async\" height=\"540\" with=\"720\" src=\"https:\/\/www.europesays.com\/de\/wp-content\/uploads\/2025\/09\/pol-hh-250901-3-vermisstenfahndung-nach-12-j-hriger-aus-hamburg-wilhelmsburg.jpeg\"   alt=\"POL-HH: 250901-3. Vermisstenfahndung nach 12-J\u00e4hriger aus Hamburg-Wilhelmsburg\" class=\"single\"\/><\/a><\/p>\n<p><a data-category=\"citylink-story-view\" data-action=\"click\" data-label=\"Citylink in Meldungsansicht\" class=\"story-city event-trigger\" href=\"https:\/\/www.presseportal.de\/regional\/Hamburg\" title=\"News aus Hamburg \" target=\"_blank\" rel=\"noopener\">Hamburg<\/a> (ots)<\/p>\n<p>Zeit: seit 31.08.2025, circa 21:00 Uhr; Ort: Hamburg-Wilhelmsburg, F\u00e4hrstra\u00dfe<\/p>\n<p>Seit Sonntagabend wird die 12-j\u00e4hrige Aaliyah Jolie Fritzenwanker aus dem Stadtteil Wilhelmsburg vermisst. Die Polizei fahndet \u00f6ffentlich mit einem Lichtbild nach dem Kind.<\/p>\n<p>Nach den bisherigen Erkenntnissen verlie\u00df die 12-J\u00e4hrige am Sonntag ihre Wohnanschrift und hielt sich anschlie\u00dfend mutma\u00dflich in einem Mehrfamilienhaus im Vogelh\u00fcttendeich auf. Bis zum Abend bestand noch Kontakt zu ihrer Erziehungsberechtigten, der dann im weiteren Verlauf endete.<\/p>\n<p>Die bisherigen Such- und \u00dcberpr\u00fcfungsma\u00dfnahmen der Polizei f\u00fchrten bisher nicht zu ihrem Auffinden, sodass nun mit einem Lichtbild \u00f6ffentlich nach der Vermissten gesucht wird.<\/p>\n<p>Sie wird wie folgt beschrieben:<\/p>\n<p>   &#8211; augenscheinliches Alter 16 &#8211; 19 Jahre<br \/>\n   &#8211; 160 cm &#8211; 165 cm gro\u00df<br \/>\n   &#8211; schlank<br \/>\n   &#8211; lange, lockige, schwarze Haare<br \/>\n   &#8211; bekleidet mit rosafarbener Jogginghose, schwarzen Schuhen,<br \/>\n     T-Shirt<\/p>\n<p>Das zust\u00e4ndige Landeskriminalamt der Region Harburg (LKA 181) f\u00fchrt die Ma\u00dfnahmen.<\/p>\n<p>In diesem Zusammenhang bittet die Polizei Zeuginnen und Zeugen, die Hinweise auf den Aufenthaltsort des Kindes geben k\u00f6nnen, sich unter 040 4286-56789 beim Hinweistelefon der Polizei Hamburg oder bei einer Polizeidienststelle zu melden. Sollten Sie die Vermisste sehen, melden Sie sich bitte direkt beim polizeilichen Notruf unter 110.<\/p>\n<p>Mx.<\/p>\n<p class=\"contact-headline\">R\u00fcckfragen der Medien bitte an:<\/p>\n<p class=\"contact-text\">Polizei Hamburg<br \/>Polizeipressestelle \/ P\u00d6A 1<br \/>Thilo Marxsen<br \/>Telefon: 040 4286-56211<br \/>E-Mail: <a href=\"https:\/\/www.presseportal.de\/blaulicht\/pm\/6337\/mailto: polizeipressestelle@polizei.hamburg.de\" class=\"uri-mailto\" target=\"_blank\" rel=\"noopener\"> polizeipressestelle@polizei.hamburg.de<\/a><br \/><a target=\"_blank\" class=\"uri-ext outbound\" rel=\"noopener\" href=\"https:\/\/www.polizei.hamburg\">www.polizei.hamburg<\/a><\/p>\n<p class=\"originator\">Original-Content von: Polizei Hamburg, \u00fcbermittelt durch news aktuell<\/p>\n","protected":false},"excerpt":{"rendered":"01.09.2025 \u2013 17:59 Polizei Hamburg Hamburg (ots) Zeit: seit 31.08.2025, circa 21:00 Uhr; Ort: Hamburg-Wilhelmsburg, F\u00e4hrstra\u00dfe Seit Sonntagabend&hellip;\n","protected":false},"author":2,"featured_media":388832,"comment_status":"","ping_status":"","sticky":false,"template":"","format":"standard","meta":{"footnotes":""},"categories":[1826],"tags":[2696,29,30,692,691,177,121,178,180,179,181],"class_list":{"0":"post-388831","1":"post","2":"type-post","3":"status-publish","4":"format-standard","5":"has-post-thumbnail","7":"category-hamburg","8":"tag-bb","9":"tag-deutschland","10":"tag-germany","11":"tag-hamburg","12":"tag-hh","13":"tag-kriminalitt","14":"tag-polizei","15":"tag-presse","16":"tag-pressemeldung","17":"tag-pressemitteilung","18":"tag-pressemitteilungen"},"share_on_mastodon":{"url":"https:\/\/pubeurope.com\/@de\/115130023754373769","error":""},"_links":{"self":[{"href":"https:\/\/www.europesays.com\/de\/wp-json\/wp\/v2\/posts\/388831","targetHints":{"allow":["GET"]}}],"collection":[{"href":"https:\/\/www.europesays.com\/de\/wp-json\/wp\/v2\/posts"}],"about":[{"href":"https:\/\/www.europesays.com\/de\/wp-json\/wp\/v2\/types\/post"}],"author":[{"embeddable":true,"href":"https:\/\/www.europesays.com\/de\/wp-json\/wp\/v2\/users\/2"}],"replies":[{"embeddable":true,"href":"https:\/\/www.europesays.com\/de\/wp-json\/wp\/v2\/comments?post=388831"}],"version-history":[{"count":0,"href":"https:\/\/www.europesays.com\/de\/wp-json\/wp\/v2\/posts\/388831\/revisions"}],"wp:featuredmedia":[{"embeddable":true,"href":"https:\/\/www.europesays.com\/de\/wp-json\/wp\/v2\/media\/388832"}],"wp:attachment":[{"href":"https:\/\/www.europesays.com\/de\/wp-json\/wp\/v2\/media?parent=388831"}],"wp:term":[{"taxonomy":"category","embeddable":true,"href":"https:\/\/www.europesays.com\/de\/wp-json\/wp\/v2\/categories?post=388831"},{"taxonomy":"post_tag","embeddable":true,"href":"https:\/\/www.europesays.com\/de\/wp-json\/wp\/v2\/tags?post=388831"}],"curies":[{"name":"wp","href":"https:\/\/api.w.org\/{rel}","templated":true}]}}