{"id":388853,"date":"2025-09-01T16:48:12","date_gmt":"2025-09-01T16:48:12","guid":{"rendered":"https:\/\/www.europesays.com\/de\/388853\/"},"modified":"2025-09-01T16:48:12","modified_gmt":"2025-09-01T16:48:12","slug":"neuer-intendant-erst-mal-zuhoeren-luenenborg-uebernimmt-den-ndr","status":"publish","type":"post","link":"https:\/\/www.europesays.com\/de\/388853\/","title":{"rendered":"Neuer Intendant: \u201eErst mal zuh\u00f6ren\u201c \u2013 L\u00fcnenborg \u00fcbernimmt den NDR"},"content":{"rendered":"<p class=\"is-first-paragraph\" data-external=\"Article.FirstParagraph\">Mit einem Redaktionsgespr\u00e4ch im Landesfunkhaus Schwerin hat Hendrik L\u00fcnenborg (53) am Montag seine Arbeit als neuer Intendant des Norddeutschen Rundfunks (NDR) begonnen. L\u00fcnenborg ist Nachfolger von Joachim Knuth (66), der das Amt nach f\u00fcnf Jahren und acht Monaten zum 31. August abgegeben hat, wie der NDR in Hamburg mitteilte. Der Rundfunkrat des NDR hatte L\u00fcnenborg im Mai als Intendant der Vier-L\u00e4nder-Anstalt gew\u00e4hlt.<\/p>\n<p>\u201eDer direkte Austausch mit den Menschen in Norddeutschland und auch mit den Mitarbeitenden des NDR ist mir besonders wichtig\u201c, sagte L\u00fcnenborg. Daf\u00fcr sei der Start am Montagmorgen in Mecklenburg-Vorpommern \u201egenau das Richtige\u201c gewesen. L\u00fcnenborg sagte weiter, er \u201ewerde nicht nur in den n\u00e4chsten Wochen, sondern in den n\u00e4chsten Jahren viel im Sendegebiet unterwegs sein\u201c. Die erste und wichtigste Amtshandlung sei: \u201eZuh\u00f6ren.\u201c<\/p>\n<p>Knuth hatte den Aufsichtsgremien im vergangenen Jahr angeboten, seine Amtszeit um einige Monate zu verk\u00fcrzen und bereits Ende August 2025 in den Ruhestand zu wechseln. Damit habe er den Weg daf\u00fcr frei gemacht, dass sein Nachfolger rechtzeitig die Prozesse der strategischen Finanzplanung aufnehmen und den NDR in die Zukunft f\u00fchren kann, informierte der NDR. Zun\u00e4chst hatte sich eine externe Medienmanagerin zur Wahl gestellt, sie bekam aber bei der entscheidenden Abstimmung nicht ausreichend viele Stimmen.<\/p>\n<p>L\u00fcnenborg studierte Geschichte und Politikwissenschaften an der Universit\u00e4t Osnabr\u00fcck. Er kam 1994 als freier Mitarbeiter zum NDR, volontierte dort und \u00fcbernahm sp\u00e4ter verschiedene F\u00fchrungspositionen beim Sender. Unter anderem war er Programmchef des Hamburger H\u00f6rfunk-Landesprogramms NDR 90,3 und Leiter der Intendanz.<\/p>\n<p>Laut NDR-Staatsvertrag hat der Verwaltungsrat f\u00fcr die Wahl des Intendanten das Vorschlagsrecht. Der Rundfunkrat w\u00e4hlt den Intendanten f\u00fcr eine Amtszeit von f\u00fcnf Jahren.<\/p>\n","protected":false},"excerpt":{"rendered":"Mit einem Redaktionsgespr\u00e4ch im Landesfunkhaus Schwerin hat Hendrik L\u00fcnenborg (53) am Montag seine Arbeit als neuer Intendant des&hellip;\n","protected":false},"author":2,"featured_media":388854,"comment_status":"","ping_status":"","sticky":false,"template":"","format":"standard","meta":{"footnotes":""},"categories":[1772],"tags":[223,15323,29,214,30,692,8923,1779,810,438,84148,215],"class_list":{"0":"post-388853","1":"post","2":"type-post","3":"status-publish","4":"format-standard","5":"has-post-thumbnail","7":"category-musik","8":"tag-ard","9":"tag-balken-inbox","10":"tag-deutschland","11":"tag-entertainment","12":"tag-germany","13":"tag-hamburg","14":"tag-lauterbach-joern","15":"tag-music","16":"tag-musik","17":"tag-ndr","18":"tag-oeffentlich-rechtlicher-rundfunk-ks","19":"tag-unterhaltung"},"share_on_mastodon":{"url":"https:\/\/pubeurope.com\/@de\/115130067296982769","error":""},"_links":{"self":[{"href":"https:\/\/www.europesays.com\/de\/wp-json\/wp\/v2\/posts\/388853","targetHints":{"allow":["GET"]}}],"collection":[{"href":"https:\/\/www.europesays.com\/de\/wp-json\/wp\/v2\/posts"}],"about":[{"href":"https:\/\/www.europesays.com\/de\/wp-json\/wp\/v2\/types\/post"}],"author":[{"embeddable":true,"href":"https:\/\/www.europesays.com\/de\/wp-json\/wp\/v2\/users\/2"}],"replies":[{"embeddable":true,"href":"https:\/\/www.europesays.com\/de\/wp-json\/wp\/v2\/comments?post=388853"}],"version-history":[{"count":0,"href":"https:\/\/www.europesays.com\/de\/wp-json\/wp\/v2\/posts\/388853\/revisions"}],"wp:featuredmedia":[{"embeddable":true,"href":"https:\/\/www.europesays.com\/de\/wp-json\/wp\/v2\/media\/388854"}],"wp:attachment":[{"href":"https:\/\/www.europesays.com\/de\/wp-json\/wp\/v2\/media?parent=388853"}],"wp:term":[{"taxonomy":"category","embeddable":true,"href":"https:\/\/www.europesays.com\/de\/wp-json\/wp\/v2\/categories?post=388853"},{"taxonomy":"post_tag","embeddable":true,"href":"https:\/\/www.europesays.com\/de\/wp-json\/wp\/v2\/tags?post=388853"}],"curies":[{"name":"wp","href":"https:\/\/api.w.org\/{rel}","templated":true}]}}