{"id":388857,"date":"2025-09-01T16:50:18","date_gmt":"2025-09-01T16:50:18","guid":{"rendered":"https:\/\/www.europesays.com\/de\/388857\/"},"modified":"2025-09-01T16:50:18","modified_gmt":"2025-09-01T16:50:18","slug":"vitamin-d-mangel-fuehrt-zu-grauem-star","status":"publish","type":"post","link":"https:\/\/www.europesays.com\/de\/388857\/","title":{"rendered":"Vitamin D: Mangel f\u00fchrt zu Grauem Star"},"content":{"rendered":"<p id=\"breadcrumbs\" role=\"Breadcrumb\" aria-label=\"Breadcrumb\"><img decoding=\"async\" alt=\"\" src=\"data:image\/svg+xml,%3Csvg%20xmlns=\" http:=\"\" data-lazy-src=\"https:\/\/www.pta-in-love.de\/wp-content\/themes\/grandmagazine-child\/images\/GLOWup_2025\/Haus.svg\"\/><a name=\"Home\" aria-label=\"Home\" href=\"https:\/\/www.pta-in-love.de\/\" target=\"_blank\" rel=\"noopener\">Home<\/a> &gt; <a name=\"Wissen\" aria-label=\"Wissen\" href=\"https:\/\/www.pta-in-love.de\/wissen\/\" target=\"_blank\" rel=\"noopener\">Wissen<\/a> &gt; Vitamin D: Mangel f\u00fchrt zu Grauem Star<\/p>\n<p>                     Vom 1. September 2025<\/p>\n<p>\t\t\t  \t<a href=\"https:\/\/www.pta-in-love.de\/author\/annabell-wagner\/\" name=\"Autor:in Annabell\" aria-label=\"Autor:in Annabell\" target=\"_blank\" rel=\"noopener\"><img loading=\"lazy\" decoding=\"async\" src=\"data:image\/svg+xml,%3Csvg%20xmlns=\" http:=\"\" width=\"60\" height=\"60\" data-lazy- alt=\"Annabell\" class=\"avatar avatar-60 wp-user-avatar wp-user-avatar-60 alignnone photo\" data-lazy-src=\"https:\/\/www.europesays.com\/de\/wp-content\/uploads\/2025\/04\/Zuschnitt_Profilbild_Annabell_hell-100x100.jpg\"\/>Annabell<\/a><\/p>\n<p>  <a href=\"https:\/\/www.pta-in-love.de\/wp-content\/uploads\/2025\/08\/Symbolbild-Vitamin-D-Mangel-Grauer-Star-scaled.jpeg\" class=\"img_frame\" target=\"_blank\" rel=\"noopener\"><br \/>\n    <img decoding=\"async\" src=\"data:image\/svg+xml,%3Csvg%20xmlns=\" http:=\"\" alt=\"Vitamin D: Mangel f&#xFC;hrt zu Grauem Star\" class=\"\" style=\"width:1200px;height:900px;\" data-lazy-src=\"https:\/\/www.europesays.com\/de\/wp-content\/uploads\/2025\/09\/Symbolbild-Vitamin-D-Mangel-Grauer-Star-1200x900.jpeg\"\/><br \/>\n    Foto: Yavolha\/stock.adobe.com<br \/>\n  <\/a><\/p>\n<p class=\"is-style-lead\">Rund zehn Millionen Menschen leiden hierzulande an Grauem Star. Dieser gilt als h\u00e4ufigste Ursache f\u00fcr Sehbehinderungen. Neben einer gezielten Behandlung kann der Erkrankung jedoch auch vorgebeugt werden. Entscheidend ist dabei die Vitamin D-Versorgung. Denn ein Vitamin D-Mangel erh\u00f6ht offenbar das Risiko f\u00fcr Grauen Star.<\/p>\n<p>Der Graue Star dient als \u00dcberbegriff f\u00fcr Augenerkrankungen, bei denen es zu einer allm\u00e4hlichen Tr\u00fcbung der nat\u00fcrlichen Augenlinse \u2013 einseitig oder beidseitig \u2013 kommt. Anders als der Gr\u00fcne Star, eine chronische Augenerkrankung, bei der Sehnerv und Netzhaut gesch\u00e4digt werden und die unbehandelt zur Erblindung f\u00fchrt, ist der Graue Star \u2013 auch Katarakt genannt \u2013 in der Regel altersbedingt. Denn mit zunehmenden Lebensjahren altert ebenfalls die Augenlinse, die Tr\u00fcbung nimmt zu und die Sehkraft ab. Grund daf\u00fcr ist, dass Eiwei\u00dfe in der Linse verklumpen und sich absetzen. Mit fortschreitendem Alter w\u00e4chst die Kl\u00fcmpchengr\u00f6\u00dfe, wodurch die Sehleistung immer mehr beeintr\u00e4chtigt wird.<\/p>\n<p>\u00dcbrigens: Die Bezeichnung Grauer Start geht auf die mit der Erkrankung verbundene Grauf\u00e4rbung der Linse und den dadurch entstehenden starren Blick zur\u00fcck.<\/p>\n<p>Neben dem Alter k\u00f6nnen aber auch Verletzungen sowie Entz\u00fcndungen in\/am Auge und Stoffwechselerkrankungen wie Diabetes Ausl\u00f6ser sein, sodass auch j\u00fcngere Menschen von einem Katarakt betroffen sind. Au\u00dferdem kann ein Vitamin D-Mangel das Risiko f\u00fcr Grauen Star erh\u00f6hen.<\/p>\n<p>Grauer Star: Erh\u00f6htes Risiko bei Vitamin D-Mangel<\/p>\n<p>Das best\u00e4tigen Studienergebnisse, die an der Augenklinik der Chinese University in Hongkong (China) erhoben wurden. Daf\u00fcr wurden die Serum-25-Hydroxyvitamin-D (25(OH)D)-Werte von mehr als 440.000 Patient:innen analysiert. Dabei zeigte sich: Lag ein Vitamin D-Mangel vor, entwickelten Betroffene innerhalb der knapp elfj\u00e4hrigen Nachbeobachtungszeit h\u00e4ufiger Grauen Star, und zwar um bis zu 12 Prozent \u00f6fter.<\/p>\n<p class=\"is-style-highlight-paragraph\">Zur Erinnerung: Die optimale Versorgung mit Vitamin D liegt bei Serumkonzentrationen von 25(OH)D \u00fcber 30 ng\/ml, wobei bei mehr als 50 ng\/ml bereits von einer \u00dcberversorgung die Rede ist. F\u00e4llt der Vitamin D-Spiegel leicht unter die 30 ng\/ml-Marke, wird von einer nicht mehr optimalen Versorgung gesprochen. Als Vitamin D-Mangel werden dagegen Werte unter 20 ng\/ml eingestuft.<\/p>\n<p>Vor allem j\u00fcngere Menschen mit niedrigen Vitamin D-Werten wiesen den Forschenden zufolge eine erh\u00f6hte Gefahr f\u00fcr die Entwicklung eines Katarakts auf. So lag das Risiko bei Unter-50-J\u00e4hrigen um 27 Prozent h\u00f6her.<\/p>\n<p>Die genauen Hintergr\u00fcnde f\u00fcr den Zusammenhang sind den Forschenden zufolge noch nicht bekannt. Diskutiert wird unter anderem ein Einfluss von Vitamin D auf die physiologischen Eigenschaften des Linsenepithels.<\/p>\n<p>\u201eUnsere Ergebnisse zeigen einen signifikanten Querschnitts- und prospektiven Zusammenhang zwischen Vitamin-D-Mangel und einem erh\u00f6hten Risiko f\u00fcr Katarakte,\u201c fassen die Forschenden zusammen und fordern eine fr\u00fchzeitige Behandlung von Vitamin-D-Mangel, um einem Grauen Star vorzubeugen.<\/p>\n<p>Achtung: Auch das <a href=\"https:\/\/www.pta-in-love.de\/vitamin-d-erhoehtes-sterberisiko-bei-mangel-an-d3\/\" target=\"_blank\" rel=\"noopener\">Sterberisiko steigt<\/a> bei einem Vitamin D-Mangel.<\/p>\n<p>\t<br class=\"clear\"\/>Das k\u00f6nnte dich auch interessieren<br class=\"clear\"\/>Mehr aus dieser Kategorie <br class=\"clear\"\/><br \/>\n\t\t\t<br class=\"clear\"\/><\/p>\n<p>    <a href=\"https:\/\/www.pta-in-love.de\/author\/annabell-wagner\/\" target=\"_blank\" rel=\"noopener\"><img loading=\"lazy\" decoding=\"async\" src=\"data:image\/svg+xml,%3Csvg%20xmlns=\" http:=\"\" width=\"200\" height=\"200\" data-lazy- alt=\"Annabell\" class=\"avatar avatar-200 wp-user-avatar wp-user-avatar-200 alignnone photo\" data-lazy-src=\"https:\/\/www.europesays.com\/de\/wp-content\/uploads\/2025\/04\/Zuschnitt_Profilbild_Annabell_hell-200x200.jpg\"\/><\/a><\/p>\n<p>Post vom<\/p>\n<p>     \t\tAnnabell<br \/>\n     \t\tAnnabell Wagner geh\u00f6rt seit 2019 zur Redaktion von PTA IN LOVE und ist seit Sommer 2023 Stellvertretende Chefredakteurin. Mit Gesundheitsthemen kennt sie sich aus, denn seit 2016 versorgt sie Leser:innen mit spannenden News aus der Welt von Pharma, Medizin und Gesundheitspolitik. Annabell ist Apotheken-Fan und sch\u00e4tzt die freundliche, sympathische und kompetente Beratung der Kolleg:innen vor Ort.     \t\t<\/p>\n<p>    <br class=\"clear\"\/><\/p>\n","protected":false},"excerpt":{"rendered":"Home &gt; Wissen &gt; Vitamin D: Mangel f\u00fchrt zu Grauem Star Vom 1. September 2025 Annabell Foto: Yavolha\/stock.adobe.com&hellip;\n","protected":false},"author":2,"featured_media":388858,"comment_status":"","ping_status":"","sticky":false,"template":"","format":"standard","meta":{"footnotes":""},"categories":[137],"tags":[29,30,141,21070,232],"class_list":{"0":"post-388857","1":"post","2":"type-post","3":"status-publish","4":"format-standard","5":"has-post-thumbnail","7":"category-gesundheit","8":"tag-deutschland","9":"tag-germany","10":"tag-gesundheit","11":"tag-good-to-know","12":"tag-health"},"share_on_mastodon":{"url":"https:\/\/pubeurope.com\/@de\/115130074810457833","error":""},"_links":{"self":[{"href":"https:\/\/www.europesays.com\/de\/wp-json\/wp\/v2\/posts\/388857","targetHints":{"allow":["GET"]}}],"collection":[{"href":"https:\/\/www.europesays.com\/de\/wp-json\/wp\/v2\/posts"}],"about":[{"href":"https:\/\/www.europesays.com\/de\/wp-json\/wp\/v2\/types\/post"}],"author":[{"embeddable":true,"href":"https:\/\/www.europesays.com\/de\/wp-json\/wp\/v2\/users\/2"}],"replies":[{"embeddable":true,"href":"https:\/\/www.europesays.com\/de\/wp-json\/wp\/v2\/comments?post=388857"}],"version-history":[{"count":0,"href":"https:\/\/www.europesays.com\/de\/wp-json\/wp\/v2\/posts\/388857\/revisions"}],"wp:featuredmedia":[{"embeddable":true,"href":"https:\/\/www.europesays.com\/de\/wp-json\/wp\/v2\/media\/388858"}],"wp:attachment":[{"href":"https:\/\/www.europesays.com\/de\/wp-json\/wp\/v2\/media?parent=388857"}],"wp:term":[{"taxonomy":"category","embeddable":true,"href":"https:\/\/www.europesays.com\/de\/wp-json\/wp\/v2\/categories?post=388857"},{"taxonomy":"post_tag","embeddable":true,"href":"https:\/\/www.europesays.com\/de\/wp-json\/wp\/v2\/tags?post=388857"}],"curies":[{"name":"wp","href":"https:\/\/api.w.org\/{rel}","templated":true}]}}