{"id":388869,"date":"2025-09-01T16:56:14","date_gmt":"2025-09-01T16:56:14","guid":{"rendered":"https:\/\/www.europesays.com\/de\/388869\/"},"modified":"2025-09-01T16:56:14","modified_gmt":"2025-09-01T16:56:14","slug":"auf-nordsee-gesunken-u-boot-aus-dem-jahr-1911-zerbricht-bei-bergung","status":"publish","type":"post","link":"https:\/\/www.europesays.com\/de\/388869\/","title":{"rendered":"Auf Nordsee gesunken: U-Boot aus dem Jahr 1911 zerbricht bei Bergung"},"content":{"rendered":"<p>        <img decoding=\"async\" src=\"https:\/\/www.europesays.com\/de\/wp-content\/uploads\/2025\/09\/uboot-118.webp\" alt=\"Ein mehr als 100 Jahre altes deutsches U-Boot-Wrack liegt im Hafen von Cuxhaven.\" title=\"Ein mehr als 100 Jahre altes deutsches U-Boot-Wrack liegt im Hafen von Cuxhaven. | dpa\/Sina Schuldt\" class=\"responsive\"\/><\/p>\n<p>\n            Stand: 01.09.2025 17:44 Uhr<\/p>\n<p class=\"preface\">In der Nordsee vor der Insel Scharh\u00f6rn ist in der Nacht zu Montag ein mehr als 100 Jahre altes U-Boot geborgen worden &#8211; jedoch nicht vollst\u00e4ndig. Das Wrack ist w\u00e4hrend der Bergung in zwei Teile zerbrochen.  <\/p>\n<p class=\"textauthor\">von Alicia Lippke<\/p>\n<p class=\"\">\nEine H\u00e4lfte des Boots sei inzwischen nach Cuxhaven gebracht worden, teilte J\u00f6rg Fr\u00e4\u00dfdorf vom Wasserstra\u00dfen- und Schifffahrtsamt Elbe-Nordsee mit. Die andere liege noch in der Nordsee, solle jedoch ebenfalls bald aus der Tiefe geholt werden. Die Vorbereitungen daf\u00fcr laufen laut Fr\u00e4\u00dfdorf bereits.<\/p>\n<p>    Komplizierte Bergung<\/p>\n<p class=\"\">\nDie Bergung gestaltete sich herausfordernd. &#8222;Es kommt dabei auf die Wetterverh\u00e4ltnisse und die Tiede an&#8220;, hatte Dominik Schr\u00f6der, Sprecher der Generaldirektion Wasserstra\u00dfen und Schifffahrt, dem NDR Niedersachsen vorab gesagt. Eigentlich sollte das rund 57 Meter lange U-Boot schon in der Nacht zu Freitag geborgen werden &#8211; dies hatte jedoch nicht funktioniert.<\/p>\n<p>    &#8222;Das passiert zum ersten Mal&#8220;<\/p>\n<p>                    <a href=\"https:\/\/www.europesays.com\/de\/wp-content\/uploads\/2025\/09\/uboot-116.webp\" class=\"zoomimage\" title=\"Bild vergr\u00f6\u00dfern\"><\/p>\n<p>        <img decoding=\"async\" src=\"https:\/\/www.europesays.com\/de\/wp-content\/uploads\/2025\/09\/uboot-116.webp\" alt=\"Die Flottenuboote SM U16, 17, 18, 19 liegen 1912 im Hafen der kaiserlichen Werft Danzig.\" title=\"Diese Abbildung aus dem Jahr 1912 zeigt die Flotten-U-Boote SM U16, 17, 18, 19, die im Hafen der kaiserlichen Werft Danzig liegen. Sie geh\u00f6ren zur Kaiserlichen Marine. | picture alliance \/ SZ Photo, Scherl\" class=\"responsive\" loading=\"lazy\"\/><\/p>\n<p>                    <\/a><\/p>\n<p>                    Diese Abbildung aus dem Jahr 1912 zeigt die Flotten-U-Boote SM U16, 17, 18, 19, die im Hafen der kaiserlichen Werft Danzig liegen. Sie geh\u00f6ren zur Kaiserlichen Marine.<\/p>\n<p class=\"\">\nLaut Schifffahrtsamt handelt es sich bei dem Wrack um das im Jahr 1919 gesunkene deutsche U-Boot U16 der Kaiserlichen Marine. &#8222;Das ist das erste Mal, dass so ein U-Boot geborgen wird&#8220;, sagte Schr\u00f6der. Einen \u00e4hnlichen Fall habe es noch nicht gegeben. Das U-Boot wurde laut Schr\u00f6der 1911 gebaut. Nach Kriegsende sollte es im Zuge der Reparationen ausgeliefert werden. &#8222;1919 ist das Boot auf dieser Auslieferungsfahrt nach Gro\u00dfbritannien gesunken&#8220;, so der Sprecher.<\/p>\n<p>    Wrack bei Routinefahrt entdeckt<\/p>\n<p class=\"\">\nDem Bundesamt f\u00fcr Schifffahrt und Hydrographie (BSH) zufolge gab es bereits im Jahr 1960 erste Aufzeichnungen zu dem Wrack. Zuletzt untersucht wurde es vom Bundesamt am 18. Juli 2023 bei einer Routinefahrt, wie Pressereferentin Moira Lenz dem NDR Niedersachsen mitteilte. Das BSH sucht ihren Angaben zufolge regelm\u00e4\u00dfig in der Nordsee nach Unterwasserhindernissen, die die Schifffahrtsrouten gef\u00e4hrden k\u00f6nnten.<\/p>\n<p>        <img decoding=\"async\" src=\"https:\/\/www.europesays.com\/de\/wp-content\/uploads\/2025\/09\/sendungsbild102370.webp\" alt=\"Am Haken von Taucher Knoth: das 80 Tonnen schwere Tor aus dem Sperrwerk B\u00fcsum.\" title=\"Am Haken von Taucher Knoth: das 80 Tonnen schwere Tor aus dem Sperrwerk B\u00fcsum. | NDR\/Doclights GmbH\/Lars Hering\" class=\"responsive\" loading=\"lazy\"\/><\/p>\n<p>Besch\u00e4digte Br\u00fccken oder gekenterte Schiffe &#8211; die M\u00e4nner von Taucher Knoth in Hamburg meistern alle Herausforderungen.<\/p>\n<p>    Was passiert mit dem Wrack nach der Bergung?<\/p>\n<p class=\"\">\nDie Generaldirektion Wasserstra\u00dfen und Schifffahrt geht nicht davon aus, dass es sich bei dem Wrack um ein Seegrab handelt, in dem Soldaten ihren Tod fanden. Schr\u00f6der vermutet, dass die Crew das Boot vorher verlassen konnte. Urspr\u00fcnglich sollte das U-Boot nach der Bergung an ein Museum gegeben werden. Allerdings habe keines der angefragten Museen die Finanzierung, etwa f\u00fcr Restaurierung und Sanierung, zusichern k\u00f6nnen, sagte Schr\u00f6der dem NDR Niedersachsen. Daher wird das Schiff nun voraussichtlich verschrottet.<\/p>\n<p>        <img decoding=\"async\" src=\"https:\/\/www.europesays.com\/de\/wp-content\/uploads\/2025\/09\/uboot932.webp\" alt=\"U 96 am 27. Oktober 1941 in der S\u00fcdschleuse von Saint-Nazaire zu seiner sechsten Unternehmung auslaufend. Auf dieser Unternehmung, die bis zum 6. Dezember 1941 dauern sollte, beruht Lothar-G\u00fcnter Buchheims Roman &quot;Das Boot&quot;.\" title=\"U 96 am 27. Oktober 1941 in der S\u00fcdschleuse von Saint-Nazaire zu seiner sechsten Unternehmung auslaufend. Auf dieser Unternehmung, die bis zum 6. Dezember 1941 dauern sollte, beruht Lothar-G\u00fcnter Buchheims Roman &quot;Das Boot&quot;. | Deutsches U-Boot-Museum Cuxhaven\" class=\"responsive\" loading=\"lazy\"\/><\/p>\n<p>Ein Roman, dessen Verfilmung und eine Melodie machten das U-Boot weit nach dem Zweiten Weltkrieg bekannt. Am 1. August 1940 war der Stapellauf.<\/p>\n<p>        <img decoding=\"async\" src=\"https:\/\/www.europesays.com\/de\/wp-content\/uploads\/2025\/09\/faehre1306.webp\" alt=\"Schwimmkran Enak hebt die &quot;Spiekeroog 4&quot; ins Wasser.\" title=\"Schwimmkran Enak hebt die &quot;Spiekeroog 4&quot; ins Wasser. | NDR, Ursula Hensel\" class=\"responsive\" loading=\"lazy\"\/><\/p>\n<p>Die F\u00e4hre hatte sich vor Weihnachten im Sturm &#8222;Zoltan&#8220; am Hafen in Neuharlingersiel losgerissen und war an Land gesp\u00fclt worden.<\/p>\n<p>        <img decoding=\"async\" src=\"https:\/\/www.europesays.com\/de\/wp-content\/uploads\/2025\/09\/brake-108.webp\" alt=\"Schwimmkr\u00e4ne heben den havarierten Schiffsbelader im Braker Hafen.\" title=\"Schwimmkr\u00e4ne heben den havarierten Schiffsbelader im Braker Hafen. | Niedersachsen Ports, Andreas Burmann\" class=\"responsive\" loading=\"lazy\"\/><\/p>\n<p>Das niederl\u00e4ndische Baggerschiff hatte eine Kaianlage durchbrochen. Die Wasserschutzpolizei ermittelt noch zur Ursache.<\/p>\n","protected":false},"excerpt":{"rendered":"Stand: 01.09.2025 17:44 Uhr In der Nordsee vor der Insel Scharh\u00f6rn ist in der Nacht zu Montag ein&hellip;\n","protected":false},"author":2,"featured_media":388870,"comment_status":"","ping_status":"","sticky":false,"template":"","format":"standard","meta":{"footnotes":""},"categories":[2],"tags":[104423,27353,29,15850,30,13,104424,14,15,104422,5226,12,86602,10,8,9,11,19519,64711],"class_list":{"0":"post-388869","1":"post","2":"type-post","3":"status-publish","4":"format-standard","5":"has-post-thumbnail","7":"category-deutschland","8":"tag-104423","9":"tag-cuxhaven","10":"tag-deutschland","11":"tag-erster-weltkrieg","12":"tag-germany","13":"tag-headlines","14":"tag-kaiserliche-marine","15":"tag-nachrichten","16":"tag-news","17":"tag-scharhoern","18":"tag-schifffahrt","19":"tag-schlagzeilen","20":"tag-schwimmkran","21":"tag-top-news","22":"tag-top-meldungen","23":"tag-topmeldungen","24":"tag-topnews","25":"tag-u-boot","26":"tag-wrack"},"share_on_mastodon":{"url":"https:\/\/pubeurope.com\/@de\/115130098504274896","error":""},"_links":{"self":[{"href":"https:\/\/www.europesays.com\/de\/wp-json\/wp\/v2\/posts\/388869","targetHints":{"allow":["GET"]}}],"collection":[{"href":"https:\/\/www.europesays.com\/de\/wp-json\/wp\/v2\/posts"}],"about":[{"href":"https:\/\/www.europesays.com\/de\/wp-json\/wp\/v2\/types\/post"}],"author":[{"embeddable":true,"href":"https:\/\/www.europesays.com\/de\/wp-json\/wp\/v2\/users\/2"}],"replies":[{"embeddable":true,"href":"https:\/\/www.europesays.com\/de\/wp-json\/wp\/v2\/comments?post=388869"}],"version-history":[{"count":0,"href":"https:\/\/www.europesays.com\/de\/wp-json\/wp\/v2\/posts\/388869\/revisions"}],"wp:featuredmedia":[{"embeddable":true,"href":"https:\/\/www.europesays.com\/de\/wp-json\/wp\/v2\/media\/388870"}],"wp:attachment":[{"href":"https:\/\/www.europesays.com\/de\/wp-json\/wp\/v2\/media?parent=388869"}],"wp:term":[{"taxonomy":"category","embeddable":true,"href":"https:\/\/www.europesays.com\/de\/wp-json\/wp\/v2\/categories?post=388869"},{"taxonomy":"post_tag","embeddable":true,"href":"https:\/\/www.europesays.com\/de\/wp-json\/wp\/v2\/tags?post=388869"}],"curies":[{"name":"wp","href":"https:\/\/api.w.org\/{rel}","templated":true}]}}