{"id":388880,"date":"2025-09-01T17:02:21","date_gmt":"2025-09-01T17:02:21","guid":{"rendered":"https:\/\/www.europesays.com\/de\/388880\/"},"modified":"2025-09-01T17:02:21","modified_gmt":"2025-09-01T17:02:21","slug":"fix-tsv-1860-verpflichtet-braunschweigs-rittmueller-als-schroeter-ersatz","status":"publish","type":"post","link":"https:\/\/www.europesays.com\/de\/388880\/","title":{"rendered":"Fix: TSV 1860 verpflichtet Braunschweigs Rittm\u00fcller als Schr\u00f6ter-Ersatz"},"content":{"rendered":"<p>Der TSV 1860 bekommt kurz vor Torschluss doch noch seinen gew\u00fcnschten Ersatz f\u00fcr Morris Schr\u00f6ter! Wie die AZ bereits am Montagmittag berichtete, wechselt Marvin Rittm\u00fcller von Eintracht Braunschweig zu den L\u00f6wen. Am Nachmittag hat der Klub den Transfer offiziell gemacht.<\/p>\n<p>&#8222;Marvin ist ein absoluter Mentalit\u00e4tsspieler, der mit seiner Einstellung ideal zum TSV 1860 M\u00fcnchen passt&#8220;, sagt Sechzigs Gesch\u00e4ftsf\u00fchrer Christian Werner: &#8222;Er ist schnell, flei\u00dfig und passt mit der Art und Weise, wie er sich sowohl auf als auch neben dem Platz benimmt, ideal in unsere Mannschaft.&#8220;<\/p>\n<p>  <img decoding=\"async\" loading=\"lazy\" src=\"https:\/\/www.europesays.com\/de\/wp-content\/uploads\/2025\/09\/1598925_werner-rittmueller_artikelbild_1EJquE_ydAtVz.jpg\" alt=\"Sechzigs Sportchef Christian Werner und Neuzugang Marvin Rittm\u00fcller.\" title=\"Sechzigs Sportchef Christian Werner und Neuzugang Marvin Rittm\u00fcller.\" width=\"812\" height=\"459\"\/><\/p>\n<p>      Sechzigs Sportchef Christian Werner und Neuzugang Marvin Rittm\u00fcller.<br \/>\n      \u00a9 TSV 1860<\/p>\n<p>    Sechzigs Sportchef Christian Werner und Neuzugang Marvin Rittm\u00fcller.<\/p>\n<p>von TSV 1860 <\/p>\n<p>&#8222;}&#8220;&gt; <\/p>\n<p>Bei den L\u00f6wen wird Rittm\u00fcller k\u00fcnftig mit der Nummer 29 auflaufen. &#8222;Die L\u00f6wen sind ein Traditionsverein mit gro\u00dfartigen Fans \u2013 ich kann es kaum erwarten, im Gr\u00fcnwalder Stadion aufzulaufen und alles f\u00fcr den Verein zu geben&#8220;, sagt der 26-J\u00e4hrige: &#8222;Die Gespr\u00e4che mit den Verantwortlichen beim TSV 1860 M\u00fcnchen waren sehr \u00fcberzeugend und haben mir vom ersten Moment an ein gutes Gef\u00fchl vermittelt.&#8220;<\/p>\n<p>Rittm\u00fcller z\u00e4hlte in der vergangenen Saison bei Braunschweig zum Stammpersonal und den wichtigsten Leistungstr\u00e4gern. Der Au\u00dfenspieler besticht durch enormes Tempo und gilt als absoluter Mentalit\u00e4tsspieler. Insgesamt kommt der 26-J\u00e4hrige, der in der Jugend von Rot-Wei\u00df Erfurt und 1. FC K\u00f6ln ausgebildet und 2023 von Heidenheim nach Braunschweig wechselte, auf die Erfahrung von 85 Zweitliga-Spielen (vier Vorlagen).<\/p>\n<p>Das Portal &#8222;transfermarkt.de&#8220; taxiert den Marktwert des geb\u00fcrtigen Erfurters auf 750.000 Euro. Damit ist er nach Manuel Pfeifer (800.000 Euro) der zweitteuerste Spieler im Kader der L\u00f6wen.<\/p>\n<p>1860 hat hervorragendes Verh\u00e4ltnis zu Braunschweig-Bossen<\/p>\n<p>Dass 1860 einen Spieler dieser G\u00fcteklasse \u00fcberhaupt bekommen hat, lag auch und vor allem am sehr guten Verh\u00e4ltnis zu Braunschweigs Gesch\u00e4ftsf\u00fchrer Benjamin Kessel und Cheftrainer Heiner Backhaus. Bei den Braunschweiger L\u00f6wen h\u00e4tte Rittm\u00fcller noch einen Vertrag bis Saisonende gehabt.<\/p>\n<p>Christian Werner arbeitete zweieinhalb Wochen f\u00fcr Rittm\u00fcller-Transfer<\/p>\n<p>1860-Trainer Patrick Gl\u00f6ckner und Gesch\u00e4ftsf\u00fchrer Werner hatten zuletzt immer wieder betont, wenn m\u00f6glich noch einmal auf dem Transfermarkt t\u00e4tig werden zu wollen. Nach dem erneuten Ausfall von Schr\u00f6ter (Sehnenriss im H\u00fcftbeuger) bestand auf dem rechten Fl\u00fcgel noch Bedarf. Die L\u00fccke wurde durch Rittm\u00fcller, der die Au\u00dfenbahn in seiner Rolle als Schienenspieler mit seinem enormen Tempo beleben soll, nun geschlossen.<\/p>\n<p>Rittm\u00fcller war Sechzigs gro\u00dfer Wunschspieler<\/p>\n<p>Wie die AZ erfuhr, hat Sechzigs Sportchef Werner in den vergangenen zweieinhalb Wochen intensiv darauf hingearbeitet, dass der Wechsel von Rittm\u00fcller noch vor dem Ende des Transferfensters (endet in der 3. Liga am 1. September um 24 Uhr) \u00fcber die B\u00fchne geht. Durch die Verpflichtung des 26-J\u00e4hrigen, den die sportliche F\u00fchrung als absoluten Wunschspieler auserkoren hatte, sind nun s\u00e4mtliche Positionen im Kader doppelt besetzt.<\/p>\n<p>  <img decoding=\"async\" loading=\"lazy\" src=\"https:\/\/www.europesays.com\/de\/wp-content\/uploads\/2025\/09\/1559012_christian-werner_artikelbild_1Elhwu_yNmmoZ.jpg\" alt=\"Sechzigs Gesch\u00e4ftsf\u00fchrer Christian Werner (l.) und Trainer Patrick Gl\u00f6ckner.\" title=\"Sechzigs Gesch\u00e4ftsf\u00fchrer Christian Werner (l.) und Trainer Patrick Gl\u00f6ckner.\" width=\"812\" height=\"459\"\/><\/p>\n<p>      Sechzigs Gesch\u00e4ftsf\u00fchrer Christian Werner (l.) und Trainer Patrick Gl\u00f6ckner.<br \/>\n      \u00a9 IMAGO<\/p>\n<p>    Sechzigs Gesch\u00e4ftsf\u00fchrer Christian Werner (l.) und Trainer Patrick Gl\u00f6ckner.<\/p>\n<p>von IMAGO <\/p>\n<p>&#8222;}&#8220;&gt; <\/p>\n<p>Sollte nichts Au\u00dfergew\u00f6hnliches mehr passieren, sind die Kaderplanungen der L\u00f6wen f\u00fcr diesen Sommer beendet. F\u00fcr 1860 geht damit eine bemerkenswerte Transferperiode zu Ende. Rittm\u00fcller mit eingerechnet, haben die L\u00f6wen insgesamt zehn Spieler verpflichtet \u2013 darunter mit Kevin Volland und Florian Niederlechner auch zwei richtige Kracher, die auf Giesings H\u00f6hen die gr\u00f6\u00dfte Euphorie seit vielen Jahren ausl\u00f6sten. Auch Neuzug\u00e4nge wie Torh\u00fcter Thomas D\u00e4hne oder Abwehr-Kante Siemen Voet haben sich bei den L\u00f6wen sofort in der ersten Elf etabliert.<\/p>\n","protected":false},"excerpt":{"rendered":"Der TSV 1860 bekommt kurz vor Torschluss doch noch seinen gew\u00fcnschten Ersatz f\u00fcr Morris Schr\u00f6ter! Wie die AZ&hellip;\n","protected":false},"author":2,"featured_media":388881,"comment_status":"","ping_status":"","sticky":false,"template":"","format":"standard","meta":{"footnotes":""},"categories":[1850],"tags":[6429,3364,29,548,663,3934,30,13,104426,14,15,1411,12,3127,23946,5421],"class_list":{"0":"post-388880","1":"post","2":"type-post","3":"status-publish","4":"format-standard","5":"has-post-thumbnail","7":"category-braunschweig","8":"tag-braunschweig","9":"tag-de","10":"tag-deutschland","11":"tag-eu","12":"tag-europa","13":"tag-europe","14":"tag-germany","15":"tag-headlines","16":"tag-marvin-rittmueller","17":"tag-nachrichten","18":"tag-news","19":"tag-niedersachsen","20":"tag-schlagzeilen","21":"tag-transfer","22":"tag-tsv-1860","23":"tag-wechsel"},"share_on_mastodon":{"url":"https:\/\/pubeurope.com\/@de\/115130122011696413","error":""},"_links":{"self":[{"href":"https:\/\/www.europesays.com\/de\/wp-json\/wp\/v2\/posts\/388880","targetHints":{"allow":["GET"]}}],"collection":[{"href":"https:\/\/www.europesays.com\/de\/wp-json\/wp\/v2\/posts"}],"about":[{"href":"https:\/\/www.europesays.com\/de\/wp-json\/wp\/v2\/types\/post"}],"author":[{"embeddable":true,"href":"https:\/\/www.europesays.com\/de\/wp-json\/wp\/v2\/users\/2"}],"replies":[{"embeddable":true,"href":"https:\/\/www.europesays.com\/de\/wp-json\/wp\/v2\/comments?post=388880"}],"version-history":[{"count":0,"href":"https:\/\/www.europesays.com\/de\/wp-json\/wp\/v2\/posts\/388880\/revisions"}],"wp:featuredmedia":[{"embeddable":true,"href":"https:\/\/www.europesays.com\/de\/wp-json\/wp\/v2\/media\/388881"}],"wp:attachment":[{"href":"https:\/\/www.europesays.com\/de\/wp-json\/wp\/v2\/media?parent=388880"}],"wp:term":[{"taxonomy":"category","embeddable":true,"href":"https:\/\/www.europesays.com\/de\/wp-json\/wp\/v2\/categories?post=388880"},{"taxonomy":"post_tag","embeddable":true,"href":"https:\/\/www.europesays.com\/de\/wp-json\/wp\/v2\/tags?post=388880"}],"curies":[{"name":"wp","href":"https:\/\/api.w.org\/{rel}","templated":true}]}}