{"id":388898,"date":"2025-09-01T17:11:09","date_gmt":"2025-09-01T17:11:09","guid":{"rendered":"https:\/\/www.europesays.com\/de\/388898\/"},"modified":"2025-09-01T17:11:09","modified_gmt":"2025-09-01T17:11:09","slug":"bundeskanzler-friedrich-merz-war-in-muenster","status":"publish","type":"post","link":"https:\/\/www.europesays.com\/de\/388898\/","title":{"rendered":"Bundeskanzler Friedrich Merz war in M\u00fcnster"},"content":{"rendered":"<p>NRW-Ministerpr\u00e4sident Hendrik W\u00fcst begr\u00fc\u00dfte den Kanzler bei tr\u00fcbem Wetter vor dem Rathaus. Danach trug sich Merz in das Goldene Buch der Stadt ein. Das Rathaus ist ein wichtiger historischer Ort: Im Friedenssaal des Rathauses wurden unter anderem Teile des &#8222;Westf\u00e4lischen Friedens&#8220; von 1648 verhandelt.\u00a0<\/p>\n<p> Kabinettssitzung im Rathaus<\/p>\n<p>Bei einer Kabinettssitzung der NRW-Landesregierung ging es unter anderem um Energiepolitik und um NRW als R\u00fcstungsstandort. NRW m\u00f6chte zur St\u00e4rkung der Bundeswehr mit dem Ausbau der n\u00f6tigen Infrastruktur &#8211; etwa Schienenwegen und Kasernen &#8211; beitragen.<\/p>\n<p>Zu Beginn der Kabinettssitzung \u00fcberreichte W\u00fcst seinem CDU-Parteifreund ein gro\u00dfformatiges Bild mit historischen Aufnahmen wichtiger Lebensstationen des Sauerl\u00e4nders in NRW &#8211; vom Geburtsort Brilon \u00fcber seine Wehrdienst-Station D\u00fclmen bis zu seinem Wohnort Arnsberg.<\/p>\n<p>Fotos vom Kanzlerbesuch in M\u00fcnsterSpitzenforschung und Begegnung mit Polizist:innen<\/p>\n<p>Ein wichtiges Thema des Merz-Besuchs war NRW als Standort von Spitzenforschung. Dazu trafen die CDU-Politiker Merz und W\u00fcst Lehrstuhlinhaber:innen aus NRW &#8211; unter anderem aus Aachen, Bochum, M\u00fcnster und K\u00f6ln. Die Wissenschaftler:innen gaben Einblicke in ihre Forschungsgebiete wie K\u00fcnstliche Intelligenz sowie Luft- und Raumfahrttechnik.<\/p>\n<p>Au\u00dferdem stand eine Begegnung mit Polizist:innen auf dem Programm, die heute (01.09.) ihren Dienst antraten. Bei der Vereidigung der k\u00fcnftigen Polizeibeamt:innen versicherte Merz, sie k\u00f6nnten sich auf die &#8222;R\u00fcckendeckung der politischen Institutionen&#8220; jederzeit verlassen. Das gelte f\u00fcr gute Arbeitsbedingungen, Ausr\u00fcstung und F\u00fcrsorge.<\/p>\n<p>Protest gegen &#8222;Kriegstreiber&#8220; Merz<\/p>\n<p>Gegen den Besuch von Merz gab es auch Widerstand. Unter dem Motto &#8222;Kriegstreiber raus aus dem Friedenssaal&#8220; hatten linke Gruppen zu einer Protestkundgebung in der Altstadt aufgerufen. Etwa 50 Demonstrant:innen protestierten mit Pal\u00e4stina-Fahnen und Megafon-Sprechch\u00f6ren gegen Merz.<\/p>\n<p>Oberb\u00fcrgermeister Lewe froh \u00fcber Kanzlerbesuch<\/p>\n<p>\u201eEs ist f\u00fcr uns eine gro\u00dfe Ehre, dass der Antrittsbesuch von Bundeskanzler Friedrich Merz bei der NRW-Landesregierung in M\u00fcnster stattfindet\u201c, sagte M\u00fcnsters Oberb\u00fcrgermeister Markus Lewe. \u201eAls Oberb\u00fcrgermeister der Stadt des Westf\u00e4lischen Friedens hoffe ich, dass der Spirit des Friedenssaals ihn bei seiner herausfordernden Arbeit, die er aktuell in und f\u00fcr Europa leistet, begleiten wird. Dem gastgebenden Ministerpr\u00e4sidenten Hendrik W\u00fcst danke ich herzlich f\u00fcr dieses wichtige Zeichen der Verbundenheit zur Stadt M\u00fcnster.\u201c <\/p>\n<p>Merz will alle Bundesl\u00e4nder besuchen<\/p>\n<p>Der offizielle Antrittsbesuch von Merz in seinem Heimatland NRW war der vierte nach Bayern, Niedersachsen und dem Saarland. Die anderen Bundesl\u00e4nder sollen folgen.<\/p>\n","protected":false},"excerpt":{"rendered":"NRW-Ministerpr\u00e4sident Hendrik W\u00fcst begr\u00fc\u00dfte den Kanzler bei tr\u00fcbem Wetter vor dem Rathaus. Danach trug sich Merz in das&hellip;\n","protected":false},"author":2,"featured_media":388297,"comment_status":"","ping_status":"","sticky":false,"template":"","format":"standard","meta":{"footnotes":""},"categories":[1843],"tags":[5677,104271,82648,81089,3364,29,775,30,182,8970,1209],"class_list":{"0":"post-388898","1":"post","2":"type-post","3":"status-publish","4":"format-standard","5":"has-post-thumbnail","7":"category-muenster","8":"tag-munster","9":"tag-nrw-kabinett","10":"tag-antrittsbesuch","11":"tag-bundeskanzler-friedrich-merz","12":"tag-de","13":"tag-deutschland","14":"tag-friedrich-merz","15":"tag-germany","16":"tag-merz","17":"tag-muenster","18":"tag-nordrhein-westfalen"},"share_on_mastodon":{"url":"https:\/\/pubeurope.com\/@de\/115130157698562950","error":""},"_links":{"self":[{"href":"https:\/\/www.europesays.com\/de\/wp-json\/wp\/v2\/posts\/388898","targetHints":{"allow":["GET"]}}],"collection":[{"href":"https:\/\/www.europesays.com\/de\/wp-json\/wp\/v2\/posts"}],"about":[{"href":"https:\/\/www.europesays.com\/de\/wp-json\/wp\/v2\/types\/post"}],"author":[{"embeddable":true,"href":"https:\/\/www.europesays.com\/de\/wp-json\/wp\/v2\/users\/2"}],"replies":[{"embeddable":true,"href":"https:\/\/www.europesays.com\/de\/wp-json\/wp\/v2\/comments?post=388898"}],"version-history":[{"count":0,"href":"https:\/\/www.europesays.com\/de\/wp-json\/wp\/v2\/posts\/388898\/revisions"}],"wp:featuredmedia":[{"embeddable":true,"href":"https:\/\/www.europesays.com\/de\/wp-json\/wp\/v2\/media\/388297"}],"wp:attachment":[{"href":"https:\/\/www.europesays.com\/de\/wp-json\/wp\/v2\/media?parent=388898"}],"wp:term":[{"taxonomy":"category","embeddable":true,"href":"https:\/\/www.europesays.com\/de\/wp-json\/wp\/v2\/categories?post=388898"},{"taxonomy":"post_tag","embeddable":true,"href":"https:\/\/www.europesays.com\/de\/wp-json\/wp\/v2\/tags?post=388898"}],"curies":[{"name":"wp","href":"https:\/\/api.w.org\/{rel}","templated":true}]}}