{"id":389040,"date":"2025-09-01T18:27:13","date_gmt":"2025-09-01T18:27:13","guid":{"rendered":"https:\/\/www.europesays.com\/de\/389040\/"},"modified":"2025-09-01T18:27:13","modified_gmt":"2025-09-01T18:27:13","slug":"klingbeil-ueber-gotter-er-findet-gehoer-in-berlin-ludwigshafen","status":"publish","type":"post","link":"https:\/\/www.europesays.com\/de\/389040\/","title":{"rendered":"Klingbeil \u00fcber Gotter: Er findet Geh\u00f6r in Berlin &#8211; Ludwigshafen"},"content":{"rendered":"<p><b>Der n\u00e4chste Polit-Promi in LU: Vizekanzler Lars Klingbeil unterst\u00fctzt im \u201eFreischwimmer\u201c den SPD-OB-Kandidaten Jens Peter Gotter. \u201eWir brauchen  mehr solcher Leute\u201c, sagt er.<\/b><\/p>\n<p>Der SPD-Fahrplan  ist klar: Erst die Oberb\u00fcrgermeisterwahl am 21. September in <a class=\"rtr-entity\" data-rtr-entity=\"Ludwigshafen\" data-rtr-id=\"26b4406521e36b503c690e53e1b9dec3bdb26dfe\" data-rtr-score=\"59.00726392251816\" data-rtr-etype=\"location\" data-rtr-index=\"11\" href=\"https:\/\/www.rheinpfalz.de\/lokal\/ludwigshafen.html?utm_source=rheinpfalz.de&amp;utm_medium=tms&amp;utm_campaign=intext\" rel=\"nofollow noopener\" target=\"_blank\">Ludwigshafen<\/a> gewinnen, und auf dieser Erfolgswelle dann gen <a class=\"rtr-entity\" data-rtr-entity=\"Landtagswahl\" data-rtr-id=\"25eb4c308cf22296ef18999e01accce69e81e297\" data-rtr-score=\"14.570217917675546\" data-rtr-etype=\"event\" data-rtr-index=\"10\" href=\"https:\/\/www.rheinpfalz.de\/themen\/landtagswahl-rheinland-pfalz?utm_source=rheinpfalz.de&amp;utm_medium=tms&amp;utm_campaign=intext\" rel=\"nofollow noopener\" target=\"_blank\">Landtagswahl<\/a> im M\u00e4rz reiten. Die Partei schickt jedenfalls ihre prominentesten K\u00f6pfe in die gr\u00f6\u00dfte Stadt der Pfalz, um den <a href=\"https:\/\/www.rheinpfalz.de\/lokal\/ludwigshafen_artikel,-ob-wahl-ein-aufsteiger-nimmt-anlauf-wie-genosse-gotter-die-stadt-nach-vorne-bringen-will-_arid,5806543.html\" target=\"_blank\" class=\"external-link-new-window\" title=\"\" rel=\"nofollow noopener\">OB-Kandidaten Jens \u201eJP\u201c Peter Gotter<\/a><\/p>\n<p class=\"\">Bitte loggen Sie sich ein um den Artikel im Klartext zu sehen.<\/p>\n<p class=\"\">uz  eiBm erP-alfezfnTf rde nesGesno eMtit tAugsu mi arehdMacu hrcBu tnimm erd  nbnee nubdsmeentBirasieiristn<\/p>\n<p class=\"\"> asB atP.lz mA taMnog its enerd rdizn-,soVeerCot nsriFemaintzin nud eVklzzernia Lras elni,lgKbi mi  uz atGs. snmnieirnuBsauetibd naeeVr bHtuezr dwri  ni rde lzoVderaprf etrew.art<\/p>\n","protected":false},"excerpt":{"rendered":"Der n\u00e4chste Polit-Promi in LU: Vizekanzler Lars Klingbeil unterst\u00fctzt im \u201eFreischwimmer\u201c den SPD-OB-Kandidaten Jens Peter Gotter. \u201eWir brauchen&hellip;\n","protected":false},"author":2,"featured_media":389041,"comment_status":"","ping_status":"","sticky":false,"template":"","format":"standard","meta":{"footnotes":"","_share_on_mastodon":"0"},"categories":[1845],"tags":[33027,1634,104489,296,3364,29,548,663,3934,30,13,104488,49712,19399,776,4060,25476,1427,2096,525,14,15,16935,1756,104490,12,184,72850,44980],"class_list":["post-389040","post","type-post","status-publish","format-standard","has-post-thumbnail","category-mannheim","tag-alexander-schweitzer","tag-baden-wuerttemberg","tag-baerbel-bas-platz","tag-berlin","tag-de","tag-deutschland","tag-eu","tag-europa","tag-europe","tag-germany","tag-headlines","tag-jens-jp-peter","tag-jens-peter-gotter","tag-landtagswahl","tag-lars-klingbeil","tag-lokal","tag-ludwigshafen","tag-mainz","tag-mannheim","tag-mitte","tag-nachrichten","tag-news","tag-pfalz","tag-rheinland-pfalz","tag-sabine-baetzing-lichtenthaeler","tag-schlagzeilen","tag-spd","tag-verena-hubertz","tag-vorderpfalz"],"share_on_mastodon":{"url":"https:\/\/pubeurope.com\/@de\/115130455972235656","error":""},"_links":{"self":[{"href":"https:\/\/www.europesays.com\/de\/wp-json\/wp\/v2\/posts\/389040","targetHints":{"allow":["GET"]}}],"collection":[{"href":"https:\/\/www.europesays.com\/de\/wp-json\/wp\/v2\/posts"}],"about":[{"href":"https:\/\/www.europesays.com\/de\/wp-json\/wp\/v2\/types\/post"}],"author":[{"embeddable":true,"href":"https:\/\/www.europesays.com\/de\/wp-json\/wp\/v2\/users\/2"}],"replies":[{"embeddable":true,"href":"https:\/\/www.europesays.com\/de\/wp-json\/wp\/v2\/comments?post=389040"}],"version-history":[{"count":0,"href":"https:\/\/www.europesays.com\/de\/wp-json\/wp\/v2\/posts\/389040\/revisions"}],"wp:featuredmedia":[{"embeddable":true,"href":"https:\/\/www.europesays.com\/de\/wp-json\/wp\/v2\/media\/389041"}],"wp:attachment":[{"href":"https:\/\/www.europesays.com\/de\/wp-json\/wp\/v2\/media?parent=389040"}],"wp:term":[{"taxonomy":"category","embeddable":true,"href":"https:\/\/www.europesays.com\/de\/wp-json\/wp\/v2\/categories?post=389040"},{"taxonomy":"post_tag","embeddable":true,"href":"https:\/\/www.europesays.com\/de\/wp-json\/wp\/v2\/tags?post=389040"}],"curies":[{"name":"wp","href":"https:\/\/api.w.org\/{rel}","templated":true}]}}