{"id":389046,"date":"2025-09-01T18:30:11","date_gmt":"2025-09-01T18:30:11","guid":{"rendered":"https:\/\/www.europesays.com\/de\/389046\/"},"modified":"2025-09-01T18:30:11","modified_gmt":"2025-09-01T18:30:11","slug":"der-dom-erhaelt-eine-stimme","status":"publish","type":"post","link":"https:\/\/www.europesays.com\/de\/389046\/","title":{"rendered":"der Dom erh\u00e4lt eine Stimme"},"content":{"rendered":"<p class=\"fp-paragraph\">Ab Donnerstag (4. September) erstrahlt der St.-Paulus-Dom in neuem Licht: Luminiscence, das 360-Grad-Illuminationserlebnis, feiert, nach gro\u00dfem Erfolg in Frankreich, Deutschlandpremiere in M\u00fcnster. Moderne Licht- und Projektionskunst wird von musikalischen Kl\u00e4ngen durch Live-Chor und Orgel untermalt.<\/p>\n<p>Jetzt weiterlesen mit<\/p>\n<p>im 1. Monat<\/p>\n<p>0,99 \u20ac*<a href=\"https:\/\/abo.wn.de\/Digital+Basis.htm?utm_source=Website&amp;utm_medium=Layer&amp;utm_campaign=noUEG&amp;pwlayer=plus&amp;ezobjectid=3382794\" class=\"fp-button fp-button__primary fp-paywall-action-submit\" style=\"background-color: #000000;\" rel=\"nofollow noopener\" target=\"_blank\">weiter<\/a>*danach 9,90 \u20ac \/ Monat<\/p>\n<p>monatlich k\u00fcndbar<\/p>\n<p class=\"fp-article-paywall__plan--description\">freier Zugriff auf alle WN+ Inhalte und die News-App<\/p>\n<p><strong>Wochenabo<\/strong><\/p>\n<p>1 \u20ac<a href=\"https:\/\/abo.wn.de\/Digital+Basis.htm?utm_source=Website&amp;utm_medium=Layer&amp;utm_campaign=noUEG&amp;pwlayer=plus&amp;ezobjectid=3382794\" class=\"fp-button fp-button__primary fp-paywall-action-submit\" style=\"background-color: #000000;\" rel=\"nofollow noopener\" target=\"_blank\">weiter<\/a>ab dem 2. Jahr 2 \u20ac \/ Woche<\/p>\n<p>monatlich k\u00fcndbar<\/p>\n<p class=\"fp-article-paywall__plan--description\">freier Zugriff auf alle WN+ Inhalte und die News-App<\/p>\n<p><strong>Jahrespass<\/strong><\/p>\n<p>79 \u20ac<a href=\"https:\/\/abo.wn.de\/Digital+Basis+Jahresabo.htm?utm_source=Website&amp;utm_medium=Layer&amp;utm_campaign=noUEG&amp;pwlayer=plus&amp;ezobjectid=3382794\" class=\"fp-button fp-button__primary fp-paywall-action-submit\" style=\"background-color: #000000;\" rel=\"nofollow noopener\" target=\"_blank\">weiter<\/a>ab dem 2. Jahr 9,90 \u20ac \/ Monat<\/p>\n<p class=\"fp-article-paywall__plan--description\">freier Zugriff auf alle WN+ Inhalte und die News-App<\/p>\n<p>Sie sind bereits Abonnent? <a title=\"Hier einloggen\" alt=\"Hier einloggen\" href=\"https:\/\/account.wn.de\/login?redurl=https:\/\/www.wn.de\/muenster\/luminiscence-mechthild-grossmann-verleiht-dem-st-paulus-dom-ihre-stimme-3382794?pid=true&amp;ueg=default\" rel=\"nofollow noopener\" target=\"_blank\"><a href=\"https:\/\/account.wn.de\/login?redurl=https:\/\/www.wn.de\/muenster\/luminiscence-mechthild-grossmann-verleiht-dem-st-paulus-dom-ihre-stimme-3382794?pid=true&amp;ueg=default\" rel=\"nofollow noopener\" target=\"_blank\">Jetzt anmelden<\/a><\/p>\n","protected":false},"excerpt":{"rendered":"Ab Donnerstag (4. September) erstrahlt der St.-Paulus-Dom in neuem Licht: Luminiscence, das 360-Grad-Illuminationserlebnis, feiert, nach gro\u00dfem Erfolg in&hellip;\n","protected":false},"author":2,"featured_media":389047,"comment_status":"","ping_status":"","sticky":false,"template":"","format":"standard","meta":{"footnotes":""},"categories":[1843],"tags":[3364,29,30,8970,1209],"class_list":{"0":"post-389046","1":"post","2":"type-post","3":"status-publish","4":"format-standard","5":"has-post-thumbnail","7":"category-muenster","8":"tag-de","9":"tag-deutschland","10":"tag-germany","11":"tag-muenster","12":"tag-nordrhein-westfalen"},"share_on_mastodon":{"url":"https:\/\/pubeurope.com\/@de\/115130467915536962","error":""},"_links":{"self":[{"href":"https:\/\/www.europesays.com\/de\/wp-json\/wp\/v2\/posts\/389046","targetHints":{"allow":["GET"]}}],"collection":[{"href":"https:\/\/www.europesays.com\/de\/wp-json\/wp\/v2\/posts"}],"about":[{"href":"https:\/\/www.europesays.com\/de\/wp-json\/wp\/v2\/types\/post"}],"author":[{"embeddable":true,"href":"https:\/\/www.europesays.com\/de\/wp-json\/wp\/v2\/users\/2"}],"replies":[{"embeddable":true,"href":"https:\/\/www.europesays.com\/de\/wp-json\/wp\/v2\/comments?post=389046"}],"version-history":[{"count":0,"href":"https:\/\/www.europesays.com\/de\/wp-json\/wp\/v2\/posts\/389046\/revisions"}],"wp:featuredmedia":[{"embeddable":true,"href":"https:\/\/www.europesays.com\/de\/wp-json\/wp\/v2\/media\/389047"}],"wp:attachment":[{"href":"https:\/\/www.europesays.com\/de\/wp-json\/wp\/v2\/media?parent=389046"}],"wp:term":[{"taxonomy":"category","embeddable":true,"href":"https:\/\/www.europesays.com\/de\/wp-json\/wp\/v2\/categories?post=389046"},{"taxonomy":"post_tag","embeddable":true,"href":"https:\/\/www.europesays.com\/de\/wp-json\/wp\/v2\/tags?post=389046"}],"curies":[{"name":"wp","href":"https:\/\/api.w.org\/{rel}","templated":true}]}}