{"id":389056,"date":"2025-09-01T18:35:18","date_gmt":"2025-09-01T18:35:18","guid":{"rendered":"https:\/\/www.europesays.com\/de\/389056\/"},"modified":"2025-09-01T18:35:18","modified_gmt":"2025-09-01T18:35:18","slug":"1-fc-koeln-u21-vs-wuppertaler-sv","status":"publish","type":"post","link":"https:\/\/www.europesays.com\/de\/389056\/","title":{"rendered":"1. FC K\u00f6ln U21 vs Wuppertaler SV"},"content":{"rendered":"<p>          Fu\u00dfball-Regionalliga        Liveticker: 1. FC K\u00f6ln U21 vs Wuppertaler SV<\/p>\n<p class=\"text-50 desktop:text-70 park-container-small px-6 mb-10 desktop:mb-14\">Wuppertal \u00b7 <strong data-cy=\"intro\">Im letzten Spiel des 6. Spieltags tritt der Wuppertaler SV bei der U23 des 1. FC K\u00f6ln an. Hier k\u00f6nnen Sie alle Geschehnisse der Partie live nachverfolgen.<\/strong><\/p>\n<p>                        <a class=\"absolute bottom-0 inset-x-0 z-10 group\/link before:float-left after:clear-both flex justify-end items-end print:hidden\" href=\"https:\/\/www.wz.de\/imgs\/39\/2\/4\/1\/8\/5\/8\/6\/7\/7\/tok_33a4c9e28de7837bc1f94eb0cca48cad\/w1900_h1336_x1796_y1263_OK1M0202-ef8d323cfb2190ed.jpg\" title=\"Vergr\u00f6\u00dferte Ansicht\" aria-describedby=\"park-figure-\" data-enlargable=\"image\" target=\"_blank\" rel=\"noopener\"><\/p>\n<p>                            <\/a><\/p>\n<p>                <img class=\"inset-0 w-full h-full object-cover opacity-0 transition-opacity animated\" onload=\"this.style.opacity = '1';\" src=\"https:\/\/www.europesays.com\/de\/wp-content\/uploads\/2025\/09\/w2100_h1477_x1796_y1263_OK1M0202-ef8d323cfb2190ed.jpg\"   alt=\"Auch heute will der WSV wieder ausw\u00e4rts jubeln k\u00f6nnen.\" width=\"3592\" height=\"2526\" fetchpriority=\"high\" decoding=\"async\" data-park-image-img=\"\"\/><\/p>\n<p class=\"block font-sans text-30 text-black-almost dark:text-white-almost desktop:text-40 desktop:[.floated_&amp;]:text-30 mt-3 desktop:[.floated_&amp;]:mt-3 desktop:mt-4\">Auch heute will der WSV wieder ausw\u00e4rts jubeln k\u00f6nnen.<\/p>\n<p>    Foto: Otto Krschak  <\/p>\n","protected":false},"excerpt":{"rendered":"Fu\u00dfball-Regionalliga Liveticker: 1. FC K\u00f6ln U21 vs Wuppertaler SV Wuppertal \u00b7 Im letzten Spiel des 6. Spieltags tritt&hellip;\n","protected":false},"author":2,"featured_media":389057,"comment_status":"","ping_status":"","sticky":false,"template":"","format":"standard","meta":{"footnotes":""},"categories":[1840],"tags":[3364,29,30,1420,1209,4418,6226],"class_list":{"0":"post-389056","1":"post","2":"type-post","3":"status-publish","4":"format-standard","5":"has-post-thumbnail","7":"category-wuppertal","8":"tag-de","9":"tag-deutschland","10":"tag-germany","11":"tag-koeln","12":"tag-nordrhein-westfalen","13":"tag-wuppertal","14":"tag-wuppertaler"},"share_on_mastodon":{"url":"https:\/\/pubeurope.com\/@de\/115130487986626709","error":""},"_links":{"self":[{"href":"https:\/\/www.europesays.com\/de\/wp-json\/wp\/v2\/posts\/389056","targetHints":{"allow":["GET"]}}],"collection":[{"href":"https:\/\/www.europesays.com\/de\/wp-json\/wp\/v2\/posts"}],"about":[{"href":"https:\/\/www.europesays.com\/de\/wp-json\/wp\/v2\/types\/post"}],"author":[{"embeddable":true,"href":"https:\/\/www.europesays.com\/de\/wp-json\/wp\/v2\/users\/2"}],"replies":[{"embeddable":true,"href":"https:\/\/www.europesays.com\/de\/wp-json\/wp\/v2\/comments?post=389056"}],"version-history":[{"count":0,"href":"https:\/\/www.europesays.com\/de\/wp-json\/wp\/v2\/posts\/389056\/revisions"}],"wp:featuredmedia":[{"embeddable":true,"href":"https:\/\/www.europesays.com\/de\/wp-json\/wp\/v2\/media\/389057"}],"wp:attachment":[{"href":"https:\/\/www.europesays.com\/de\/wp-json\/wp\/v2\/media?parent=389056"}],"wp:term":[{"taxonomy":"category","embeddable":true,"href":"https:\/\/www.europesays.com\/de\/wp-json\/wp\/v2\/categories?post=389056"},{"taxonomy":"post_tag","embeddable":true,"href":"https:\/\/www.europesays.com\/de\/wp-json\/wp\/v2\/tags?post=389056"}],"curies":[{"name":"wp","href":"https:\/\/api.w.org\/{rel}","templated":true}]}}