{"id":389108,"date":"2025-09-01T19:02:17","date_gmt":"2025-09-01T19:02:17","guid":{"rendered":"https:\/\/www.europesays.com\/de\/389108\/"},"modified":"2025-09-01T19:02:17","modified_gmt":"2025-09-01T19:02:17","slug":"flintasialand-ein-neues-festival-fuer-sichtbarkeit-empowerment-und-vielfalt-in-dortmund","status":"publish","type":"post","link":"https:\/\/www.europesays.com\/de\/389108\/","title":{"rendered":"flinta*sialand: Ein neues Festival f\u00fcr Sichtbarkeit, Empowerment und Vielfalt in Dortmund"},"content":{"rendered":"<p><a href=\"https:\/\/www.europesays.com\/de\/wp-content\/uploads\/2025\/09\/flintasialand.jpg\"><img loading=\"lazy\" decoding=\"async\" class=\"wp-image-344787 size-full\" src=\"https:\/\/www.europesays.com\/de\/wp-content\/uploads\/2025\/09\/flintasialand.jpg\" alt=\"Screenshot von INSTA\" width=\"999\" height=\"594\"  \/><\/a>Die Veranstalterinnen haben ein ambitioniertes Ziel: Die Musik- und Kulturlandschaft Dortmunds diverser, sicherer und zukunftsf\u00e4higer zu gestalten. <a href=\"https:\/\/www.nordstadtblogger.de\/author\/nsb\/\" rel=\"nofollow noopener\" target=\"_blank\">Nordstadtblogger-Redaktion<\/a> | Nordstadtblogger<\/p>\n<p>Das Kreativquartier rund um die Speicherstra\u00dfe 100 in Dortmund verwandelt sich am Samstag, dem 6. September 2025, in ein lebendiges Zentrum f\u00fcr queere, feministische und k\u00fcnstlerische Selbsterm\u00e4chtigung: Das erste flinta*sialand-Festival l\u00e4dt von 14 bis 0 Uhr zu einem bunten, politischen und musikalischen Fest ein \u2013 mit freiem Eintritt und einem vielf\u00e4ltigen Programm, das ganz auf die Bed\u00fcrfnisse und Perspektiven von FLINTA*-Personen (Frauen, Lesben, intergeschlechtliche, nicht-bin\u00e4re, trans und agender Menschen) zugeschnitten ist. Auch \u201eAllies\u201c sind herzlich willkommen.<\/p>\n<p>\u00a0\u201eDas flintasialand versteht sich als Plattform f\u00fcr Empowerment, nicht als Nischenprogramm\u201c<\/p>\n<p>Die Veranstalterinnen \u2013 ein interdisziplin\u00e4res Team aus Kulturschaffenden und Aktivistinnen \u2013 haben ein ambitioniertes Ziel: Die Musik- und Kulturlandschaft Dortmunds diverser, sicherer und zukunftsf\u00e4higer zu gestalten.<\/p>\n<p>Mit Unterst\u00fctzung regionaler Partner wie den Kulturbetrieben Dortmund, Dortmund Kreativ oder dem Soziokulturellen Initiativenhaus SIDO soll das Festival nicht nur tempor\u00e4r einen \u201csafer space\u201d schaffen, sondern langfristig Impulse f\u00fcr mehr Gleichberechtigung und Teilhabe in der urbanen Kulturpolitik setzen.<\/p>\n<p>\u201eWir wollen kollektive R\u00e4ume schaffen, in denen FLINTA*-K\u00fcnstlerinnen nicht nur auftreten, sondern sich vernetzen, Erfahrungen austauschen und sichtbar werden\u201c, erkl\u00e4rt eine Sprecherin des Teams. \u201eDas flintasialand versteht sich als Plattform f\u00fcr Empowerment, nicht als Nischenprogramm.\u201c<\/p>\n<p>Das Festival versteht sich als Teil eines gr\u00f6\u00dferen kulturellen Wandels<\/p>\n<p>Und so klingt auch das Programm: Tags\u00fcber sanft, nachts wild. Zwei B\u00fchnen, eine auf dem Gel\u00e4nde von Speicher 100, die andere auf der Kieselwiese, bieten ein hochkar\u00e4tiges Line-up \u2013 darunter cat piss potion, Yumi K, Katanna &amp; Isi (Patina Records), Morra, Leona, Frontspin B2B DJ Uglyyy, Shaxtar, Schrotflinta und Serving Cunts. Neben Live-Musik und DJ-Sets gibt es Workshops zu Rap, Zines, Screaming, feministischer Fotografie und dadaistischer Musikperformance \u2013 viele davon explizit f\u00fcr FLINTA only*.<\/p>\n<p>F\u00fcr den n\u00f6tigen R\u00fcckhalt sorgen ein Awareness-Team, barrierearme R\u00e4ume und eine gelebte Care-Struktur, damit sich alle Teilnehmenden sicher und willkommen f\u00fchlen. Wer sich schminken oder einfach vernetzen m\u00f6chte, kann dies etwa beim Queer:in44-Fotostand oder beim offenen Schminkworkshop tun.<\/p>\n<p>Das Festival versteht sich als Teil eines gr\u00f6\u00dferen kulturellen Wandels in Dortmund, in dem marginalisierte Perspektiven nicht nur geh\u00f6rt, sondern gest\u00e4rkt werden sollen. Es schlie\u00dft direkt an die FLINTA*-Fahrraddemo am selben Tag an, die um 13:30 Uhr am Friedensplatz startet und mit ihrer bunten, lautstarken Pr\u00e4senz auf zwei R\u00e4dern das flinta*sialand als Ziel hat. Der Schulterschluss von Aktivismus und Kultur ist dabei kein Zufall, sondern Programm.<\/p>\n<p><strong>Hinweis:<\/strong> Der Eintritt zum Festival ist frei, eine Reservierung wird aber empfohlen. Tickets und weitere Informationen gibt es \u00fcber die Kan\u00e4le von Speicher 100 und der Initiative f\u00fcr Nachhaltigkeit e.V..<\/p>\n<blockquote class=\"instagram-media\" style=\"background: #FFF; border: 0; border-radius: 3px; box-shadow: 0 0 1px 0 rgba(0,0,0,0.5),0 1px 10px 0 rgba(0,0,0,0.15); margin: 1px; max-width: 540px; min-width: 326px; padding: 0; width: calc(100% - 2px);\" data-instgrm-captioned=\"\" data-instgrm-permalink=\"https:\/\/www.instagram.com\/reel\/DMnv47iIoHI\/?utm_source=ig_embed&amp;utm_campaign=loading\" data-instgrm-version=\"14\">\n<\/blockquote>\n<blockquote>\n<p><a href=\"https:\/\/steadyhq.com\/de\/nordstadtblogger\" target=\"_blank\" rel=\"noopener noreferrer nofollow\"><img decoding=\"async\" class=\"alignnone size-medium wp-image-110646\" src=\"https:\/\/www.europesays.com\/de\/wp-content\/uploads\/2025\/07\/steady-mod.png\" alt=\"Unterst\u00fctze uns auf Steady\" width=\"300\"\/><\/a><\/p>\n<\/blockquote>\n<p>                    <a href=\"#\" rel=\"nofollow\" onclick=\"window.print(); return false;\" title=\"Printer Friendly, PDF &amp; Email\"><br \/>\n                    <img decoding=\"async\" class=\"pf-button-img\" src=\"https:\/\/www.europesays.com\/de\/wp-content\/uploads\/2025\/04\/printfriendly-pdf-email-button-md.png\" alt=\"Print Friendly, PDF &amp; Email\" style=\"width: 194px;height: 30px;\"\/><br \/>\n                    <\/a><br \/>\n                <script async src=\"\/\/www.instagram.com\/embed.js\"><\/script><\/p>\n","protected":false},"excerpt":{"rendered":"Die Veranstalterinnen haben ein ambitioniertes Ziel: Die Musik- und Kulturlandschaft Dortmunds diverser, sicherer und zukunftsf\u00e4higer zu gestalten. Nordstadtblogger-Redaktion&hellip;\n","protected":false},"author":2,"featured_media":389109,"comment_status":"","ping_status":"","sticky":false,"template":"","format":"standard","meta":{"footnotes":""},"categories":[1833],"tags":[3364,29,217,30,1209],"class_list":{"0":"post-389108","1":"post","2":"type-post","3":"status-publish","4":"format-standard","5":"has-post-thumbnail","7":"category-dortmund","8":"tag-de","9":"tag-deutschland","10":"tag-dortmund","11":"tag-germany","12":"tag-nordrhein-westfalen"},"share_on_mastodon":{"url":"https:\/\/pubeurope.com\/@de\/115130593933010034","error":""},"_links":{"self":[{"href":"https:\/\/www.europesays.com\/de\/wp-json\/wp\/v2\/posts\/389108","targetHints":{"allow":["GET"]}}],"collection":[{"href":"https:\/\/www.europesays.com\/de\/wp-json\/wp\/v2\/posts"}],"about":[{"href":"https:\/\/www.europesays.com\/de\/wp-json\/wp\/v2\/types\/post"}],"author":[{"embeddable":true,"href":"https:\/\/www.europesays.com\/de\/wp-json\/wp\/v2\/users\/2"}],"replies":[{"embeddable":true,"href":"https:\/\/www.europesays.com\/de\/wp-json\/wp\/v2\/comments?post=389108"}],"version-history":[{"count":0,"href":"https:\/\/www.europesays.com\/de\/wp-json\/wp\/v2\/posts\/389108\/revisions"}],"wp:featuredmedia":[{"embeddable":true,"href":"https:\/\/www.europesays.com\/de\/wp-json\/wp\/v2\/media\/389109"}],"wp:attachment":[{"href":"https:\/\/www.europesays.com\/de\/wp-json\/wp\/v2\/media?parent=389108"}],"wp:term":[{"taxonomy":"category","embeddable":true,"href":"https:\/\/www.europesays.com\/de\/wp-json\/wp\/v2\/categories?post=389108"},{"taxonomy":"post_tag","embeddable":true,"href":"https:\/\/www.europesays.com\/de\/wp-json\/wp\/v2\/tags?post=389108"}],"curies":[{"name":"wp","href":"https:\/\/api.w.org\/{rel}","templated":true}]}}