{"id":389149,"date":"2025-09-01T19:24:15","date_gmt":"2025-09-01T19:24:15","guid":{"rendered":"https:\/\/www.europesays.com\/de\/389149\/"},"modified":"2025-09-01T19:24:15","modified_gmt":"2025-09-01T19:24:15","slug":"sind-sie-mamas-beruehmte-siamesische-zwillinge-mit-babyschale-news","status":"publish","type":"post","link":"https:\/\/www.europesays.com\/de\/389149\/","title":{"rendered":"Sind sie Mamas? Ber\u00fchmte siamesische Zwillinge mit Babyschale | News"},"content":{"rendered":"<p>Minnesota (USA) \u2013 <b>Die ber\u00fchmtesten siamesischen Zwillinge der Welt sind jetzt zu dritt: Abby und Brittany Hensel (35) pr\u00e4sentieren erstmals ihr Baby! Das berichtet das Nachrichtenportal The U.S. Sun.<\/b><\/p>\n<p>Seit Tagen wird spekuliert, dass die beiden Unzertrennlichen <a href=\"https:\/\/www.bild.de\/leben-wissen\/lifestyle\/spektakulaere-bilder-abby-und-brittany-hensel-mit-baby-in-minnesota-gesehen-68a17ed1f3b33007198442f1\" class=\"text-link\" target=\"_blank\" rel=\"noopener\">M\u00fctter geworden sein k\u00f6nnten<\/a>: Denn die Schwestern waren in der \u00d6ffentlichkeit mit einer Babyschale gesehen worden, in der sich ein Neugeborenes befand. Ob das Baby ihr eigenes ist, wurde weder best\u00e4tigt noch dementiert.<\/p>\n<p>Abby und Brittany mit Babyschale<\/p>\n<p>Doch nun scheint es sehr sicher: Denn auf Fotos sind <a href=\"https:\/\/www.bild.de\/leben-wissen\/wissenschaft\/siamesische-zwillinge-bilder-der-verbindung-von-abigail-und-brittany-67795c2afc917554e37e4ebc\" class=\"text-link\" target=\"_blank\" rel=\"noopener\">Abby und Brittany<\/a> jetzt zu sehen, wie sie das Baby in Minnesota (USA) Freunden und Kollegen zeigen. <\/p>\n<p><img decoding=\"async\" width=\"992\" height=\"1178\" alt=\"Abby und Brittany besuchten am 27. August die Schule, an der sie unterrichten\" src=\"https:\/\/www.europesays.com\/de\/wp-content\/uploads\/2025\/09\/66d3856588c2e8ef3ff866d244872101,9debb9e8\"   class=\"portrait\" loading=\"lazy\"\/><\/p>\n<p class=\"fig__caption__text\">Abby und Brittany besuchten am 27. August die Schule, an der sie unterrichten<\/p>\n<p>Foto: Matt Symons for The U.S. Sun<\/p>\n<p>Der <a href=\"https:\/\/www.the-sun.com\/news\/15076114\/conjoined-twins-abby-brittany-hensel-newborn-baby-outing\/\" target=\"_blank\" rel=\"nofollow noopener\" class=\"text-link--external text-link\">U.S. Sun<\/a> liegen zudem exklusive Bilder vor, wie die siamesischen Zwillinge am 27. August an einer Schule in New Brighton in Minnesota vorfahren und etwa eine halbe Stunde in dem Geb\u00e4ude bleiben. An der Schule unterrichten sie seit mehr als zehn Jahren f\u00fcnfte Klassen in Mathematik. Zuvor stoppten sie au\u00dferdem an einem nahen Drive-in, um etwas zu essen.<\/p>\n<p><img decoding=\"async\" width=\"992\" height=\"558\" alt=\"Die Grafik zeigt es: So leben die beiden Frauen in einem K\u00f6rper \u2013 ab der Taille\" src=\"https:\/\/www.europesays.com\/de\/wp-content\/uploads\/2025\/09\/ff3b3b20a5133b8bc394d3512aca315e,d522f820\"   class=\"landscape\" loading=\"lazy\"\/><\/p>\n<p class=\"fig__caption__text\">Die Grafik zeigt es: So leben die beiden Frauen in einem K\u00f6rper \u2013 ab der Taille<\/p>\n<p>Foto: Hashem Al-Ghaili<\/p>\n<p>Sie trugen Tank-Top und Shorts<\/p>\n<p>Auf den Bildern tragen sie ein Tanktop mit Leo-Muster und breitem Saum, Shorts und Sandalen. Und wie viele M\u00fctter nach der Geburt wirken sie etwas ersch\u00f6pft. Ein Augenzeuge zur U.S. Sun: \u201eSie sahen w\u00e4hrend des Besuchs extrem m\u00fcde aus, schienen sich aber zu freuen, ihre Kollegen wiederzusehen.\u201c Auf die Bitte um einen Kommentar h\u00e4tten die beiden mutma\u00dflichen M\u00fctter nicht reagiert, hei\u00dft es dort.<\/p>\n<p><img decoding=\"async\" width=\"992\" height=\"1178\" alt=\"Die siamesischen Zwillinge bei der Hochzeit 2021, im Vordergrund Joshuas Tochter aus fr\u00fcherer Beziehung\" src=\"https:\/\/www.europesays.com\/de\/wp-content\/uploads\/2025\/09\/f1962c63e12228276cac2c67d9fd45dc,f50d918c\"   class=\"portrait\" loading=\"lazy\"\/><\/p>\n<p class=\"fig__caption__text\">Die siamesischen Zwillinge bei der Hochzeit 2021, im Vordergrund Joshuas Tochter aus fr\u00fcherer Beziehung<\/p>\n<p>Foto: TikTok\/abbyandbrittanyhensel <\/p>\n<p>Abby (sie ist die rechte K\u00f6rperh\u00e4lfte) hatte den <a href=\"https:\/\/www.bild.de\/news\/ausland\/news-ausland\/siamesische-zwillinge-hochzeit-josh-33-hat-seine-schwaegerin-immer-mit-dabei-87685664.bild.html\" class=\"text-link\" target=\"_blank\" rel=\"noopener\">US-Veteran Joshua Bowling (34) 2021 <\/a>geheiratet, wie im vergangenen Jahr bekannt wurde. Die beiden geh\u00f6ren zu den seltensten Zwillingen, bei denen sich eine Eizelle im Mutterleib nicht vollst\u00e4ndig trennte: Ab der Taille teilen sie sich einen K\u00f6rper mit gemeinsamem Darm, Leber und Fortpflanzungsorganen.<\/p>\n<p>Mehr zum Thema<\/p>\n<p>Abby und Brittany wurden mit sechs Jahren in der Oprah-Winfrey-Show ber\u00fchmt, haben einen F\u00fchrerschein und treiben gemeinsam Sport. \u00dcber das Neugeborene selbst wurde bisher nichts bekannt. Schon als Jugendliche verrieten sie in einer Doku ihren Kinderwunsch.<\/p>\n","protected":false},"excerpt":{"rendered":"Minnesota (USA) \u2013 Die ber\u00fchmtesten siamesischen Zwillinge der Welt sind jetzt zu dritt: Abby und Brittany Hensel (35)&hellip;\n","protected":false},"author":2,"featured_media":389150,"comment_status":"","ping_status":"","sticky":false,"template":"","format":"standard","meta":{"footnotes":""},"categories":[1776],"tags":[1290,1801,29,214,8500,30,1292,63043,981,1802,6502,104505,45,215,64,34178],"class_list":{"0":"post-389149","1":"post","2":"type-post","3":"status-publish","4":"format-standard","5":"has-post-thumbnail","7":"category-prominente","8":"tag-baby","9":"tag-celebrities","10":"tag-deutschland","11":"tag-entertainment","12":"tag-geburt","13":"tag-germany","14":"tag-hochzeit","15":"tag-minnesota","16":"tag-mutter","17":"tag-prominente","18":"tag-richard-jackie","19":"tag-siamesische-zwillinge","20":"tag-texttospeech","21":"tag-unterhaltung","22":"tag-usa","23":"tag-zwillinge"},"share_on_mastodon":{"url":"https:\/\/pubeurope.com\/@de\/115130680344689777","error":""},"_links":{"self":[{"href":"https:\/\/www.europesays.com\/de\/wp-json\/wp\/v2\/posts\/389149","targetHints":{"allow":["GET"]}}],"collection":[{"href":"https:\/\/www.europesays.com\/de\/wp-json\/wp\/v2\/posts"}],"about":[{"href":"https:\/\/www.europesays.com\/de\/wp-json\/wp\/v2\/types\/post"}],"author":[{"embeddable":true,"href":"https:\/\/www.europesays.com\/de\/wp-json\/wp\/v2\/users\/2"}],"replies":[{"embeddable":true,"href":"https:\/\/www.europesays.com\/de\/wp-json\/wp\/v2\/comments?post=389149"}],"version-history":[{"count":0,"href":"https:\/\/www.europesays.com\/de\/wp-json\/wp\/v2\/posts\/389149\/revisions"}],"wp:featuredmedia":[{"embeddable":true,"href":"https:\/\/www.europesays.com\/de\/wp-json\/wp\/v2\/media\/389150"}],"wp:attachment":[{"href":"https:\/\/www.europesays.com\/de\/wp-json\/wp\/v2\/media?parent=389149"}],"wp:term":[{"taxonomy":"category","embeddable":true,"href":"https:\/\/www.europesays.com\/de\/wp-json\/wp\/v2\/categories?post=389149"},{"taxonomy":"post_tag","embeddable":true,"href":"https:\/\/www.europesays.com\/de\/wp-json\/wp\/v2\/tags?post=389149"}],"curies":[{"name":"wp","href":"https:\/\/api.w.org\/{rel}","templated":true}]}}