{"id":389257,"date":"2025-09-01T20:23:10","date_gmt":"2025-09-01T20:23:10","guid":{"rendered":"https:\/\/www.europesays.com\/de\/389257\/"},"modified":"2025-09-01T20:23:10","modified_gmt":"2025-09-01T20:23:10","slug":"nachbarschaftsstreit-eskaliert-dortmunder-greift-zur-axt","status":"publish","type":"post","link":"https:\/\/www.europesays.com\/de\/389257\/","title":{"rendered":"Nachbarschaftsstreit eskaliert! Dortmunder greift zur Axt"},"content":{"rendered":"<p>Mit so einem Empfang hatten die Polizeikr\u00e4fte wohl kaum gerechnet: Als sie Montagmorgen (1. September) in Dortmund an der T\u00fcr eines Mannes klingelten, stand dieser pl\u00f6tzlich mit einer Axt in der Hand vor ihnen!<\/p>\n<p>Denn am fr\u00fchen Montagmorgen eskalierte ein Nachbarschaftsstreit in der Brinkmannstra\u00dfe in <a href=\"https:\/\/www.derwesten.de\/staedte\/dortmund\" target=\"_blank\" rel=\"noopener\">Dortmund<\/a>-Nette. Ein 49-j\u00e4hriger Mann beleidigte gegen 6 Uhr lautstark eine 52-j\u00e4hrige Nachbarin. Die Polizei musste bereits in der Nacht wegen lauter Ruhest\u00f6rungen einschreiten \u2013 doch das war erst der Anfang!<\/p>\n<p> Dortmund: Mann greift zu Axt <\/p>\n<p>Als die Beamten an der Wohnung des Mannes klingelten, \u00f6ffnete er die T\u00fcr \u2013 und hielt bedrohlich eine Axt oder einen \u00e4hnlichen Gegenstand in der Hand! Die Polizistinnen zogen sich daraufhin zur\u00fcck, w\u00e4hrend der Mann in seine Wohnung zur\u00fcckging. Sp\u00e4ter tauchte er auf dem Balkon auf und konnte gl\u00fccklicherweise von der Polizei \u00fcberzeugt werden, unbewaffnet herauszukommen.<\/p>\n<p><strong>Auch interessant:<\/strong> <a href=\"https:\/\/www.derwesten.de\/staedte\/dortmund\/dortmund-sporthalle-nord-muensterstrasse-lebensgefahr-id301786213.html\" target=\"_blank\" rel=\"noopener\">Streit in Dortmund eskaliert! Mann nach Auseinandersetzung in Lebensgefahr<\/a><\/p>\n<p>Der Mann wurde festgenommen, um weitere gef\u00e4hrliche Eskalationen zu verhindern. Doch der Einsatz in Dortmund war noch l\u00e4ngst nicht vorbei: W\u00e4hrend der Ingewahrsamnahme beleidigte der Mann die Einsatzkr\u00e4fte und zeigte extreme Stimmungsschwankungen, wie die Polizei Dortmund in einer Pressemitteilung berichtet.<\/p>\n<p>Mehr Nachrichten:<\/p>\n<p>  Ermittlungen gegen den Tatverd\u00e4chtigen laufen <\/p>\n<p>Ein Drogentest wurde nicht durchgef\u00fchrt, doch die Beamten schlie\u00dfen einen m\u00f6glichen Konsum von Drogen nicht aus. Obwohl die Polizei den Mann erkennungsdienstlich behandelte, lagen die Voraussetzungen f\u00fcr eine Untersuchungshaft nicht vor. Bei dem Einsatz wurde zum Gl\u00fcck niemand verletzt. Jetzt laufen in Dortmund Ermittlungen wegen Bedrohung und Beleidigung gegen den 49-J\u00e4hrigen.<\/p>\n<p>Dieser Artikel wurde teils mit maschineller Unterst\u00fctzung erstellt und vor der Ver\u00f6ffentlichung von der Redaktion sorgf\u00e4ltig gepr\u00fcft.<\/p>\n","protected":false},"excerpt":{"rendered":"Mit so einem Empfang hatten die Polizeikr\u00e4fte wohl kaum gerechnet: Als sie Montagmorgen (1. September) in Dortmund an&hellip;\n","protected":false},"author":2,"featured_media":389258,"comment_status":"","ping_status":"","sticky":false,"template":"","format":"standard","meta":{"footnotes":""},"categories":[1833],"tags":[62270,3364,29,217,30,1209],"class_list":{"0":"post-389257","1":"post","2":"type-post","3":"status-publish","4":"format-standard","5":"has-post-thumbnail","7":"category-dortmund","8":"tag-polizei-dortmund","9":"tag-de","10":"tag-deutschland","11":"tag-dortmund","12":"tag-germany","13":"tag-nordrhein-westfalen"},"share_on_mastodon":{"url":"https:\/\/pubeurope.com\/@de\/115130912171655981","error":""},"_links":{"self":[{"href":"https:\/\/www.europesays.com\/de\/wp-json\/wp\/v2\/posts\/389257","targetHints":{"allow":["GET"]}}],"collection":[{"href":"https:\/\/www.europesays.com\/de\/wp-json\/wp\/v2\/posts"}],"about":[{"href":"https:\/\/www.europesays.com\/de\/wp-json\/wp\/v2\/types\/post"}],"author":[{"embeddable":true,"href":"https:\/\/www.europesays.com\/de\/wp-json\/wp\/v2\/users\/2"}],"replies":[{"embeddable":true,"href":"https:\/\/www.europesays.com\/de\/wp-json\/wp\/v2\/comments?post=389257"}],"version-history":[{"count":0,"href":"https:\/\/www.europesays.com\/de\/wp-json\/wp\/v2\/posts\/389257\/revisions"}],"wp:featuredmedia":[{"embeddable":true,"href":"https:\/\/www.europesays.com\/de\/wp-json\/wp\/v2\/media\/389258"}],"wp:attachment":[{"href":"https:\/\/www.europesays.com\/de\/wp-json\/wp\/v2\/media?parent=389257"}],"wp:term":[{"taxonomy":"category","embeddable":true,"href":"https:\/\/www.europesays.com\/de\/wp-json\/wp\/v2\/categories?post=389257"},{"taxonomy":"post_tag","embeddable":true,"href":"https:\/\/www.europesays.com\/de\/wp-json\/wp\/v2\/tags?post=389257"}],"curies":[{"name":"wp","href":"https:\/\/api.w.org\/{rel}","templated":true}]}}