{"id":389497,"date":"2025-09-01T22:34:13","date_gmt":"2025-09-01T22:34:13","guid":{"rendered":"https:\/\/www.europesays.com\/de\/389497\/"},"modified":"2025-09-01T22:34:13","modified_gmt":"2025-09-01T22:34:13","slug":"neues-verler-hallenbad-oeffnet-nach-saisonende-im-freibad","status":"publish","type":"post","link":"https:\/\/www.europesays.com\/de\/389497\/","title":{"rendered":"Neues Verler Hallenbad \u00f6ffnet nach Saisonende im Freibad"},"content":{"rendered":"<p>Die Freibadsaison in Verl neigt sich dem Ende zu. Bis zum 14. September k\u00f6nnen Besucher*innen noch das Freibad nutzen. Bevor das Bad schlie\u00dft, findet am 21. September das traditionelle Hundeschwimmen von 11 bis 16 Uhr statt. F\u00fcr vierbeinige Schwimmer kostet der Eintritt 50 Cent pro Pfote; menschliche Begleiter*innen haben freien Eintritt. Das Wasser wird nicht mehr gechlort, um die Gesundheit der Hunde zu sch\u00fctzen. Hundehalter*innen m\u00fcssen einen Impfausweis, eine Hundemarke und eine Haftpflichtversicherung vorlegen.<\/p>\n<p>Neues Hallenbad \u00f6ffnet in Verl<\/p>\n<p>Ab dem 15. September \u00f6ffnet das neu gebaute Hallenbad in Verl seine Tore f\u00fcr die Herbst- und Wintersaison. Montags ist es von 6 bis 7:30 Uhr ge\u00f6ffnet, dienstags bis freitags von 6 bis 7:30 Uhr sowie von 16:30 bis 21 Uhr. An Wochenenden ist das Bad von 11:30 bis 18 Uhr zug\u00e4nglich. W\u00e4hrend des \u00f6ffentlichen Schwimmens stehen dienstags bis freitags zwei von f\u00fcnf Bahnen zur Verf\u00fcgung, da Vereine parallel trainieren. Tickets gibt es online oder direkt am Terminal im Hallenbad. Neu im Angebot sind Kombi-12er- und Jahreskarten sowie ein erweitertes Kursprogramm.<\/p>\n<p>Sonderregelungen im Oktober<\/p>\n<p>Zwei wichtige Hinweise f\u00fcr Oktober: Am 2. Oktober bleibt das Hallenbad wegen Stra\u00dfensperrungen beim EGE-Citylauf geschlossen. Am 9. Oktober ist es ebenfalls wegen eines Betriebsausflugs der Stadt Verl nicht ge\u00f6ffnet. Weitere Informationen sind auf der Webseite der Stadt Verl erh\u00e4ltlich.<\/p>\n","protected":false},"excerpt":{"rendered":"Die Freibadsaison in Verl neigt sich dem Ende zu. Bis zum 14. September k\u00f6nnen Besucher*innen noch das Freibad&hellip;\n","protected":false},"author":2,"featured_media":389498,"comment_status":"","ping_status":"","sticky":false,"template":"","format":"standard","meta":{"footnotes":""},"categories":[1841],"tags":[20373,1605,3364,29,10860,30,15842,82391,1209,3724],"class_list":{"0":"post-389497","1":"post","2":"type-post","3":"status-publish","4":"format-standard","5":"has-post-thumbnail","7":"category-bielefeld","8":"tag-schwimmen","9":"tag-bielefeld","10":"tag-de","11":"tag-deutschland","12":"tag-freibad","13":"tag-germany","14":"tag-hallenbad","15":"tag-hundeschwimmen","16":"tag-nordrhein-westfalen","17":"tag-verl"},"share_on_mastodon":{"url":"https:\/\/pubeurope.com\/@de\/115131427437953983","error":""},"_links":{"self":[{"href":"https:\/\/www.europesays.com\/de\/wp-json\/wp\/v2\/posts\/389497","targetHints":{"allow":["GET"]}}],"collection":[{"href":"https:\/\/www.europesays.com\/de\/wp-json\/wp\/v2\/posts"}],"about":[{"href":"https:\/\/www.europesays.com\/de\/wp-json\/wp\/v2\/types\/post"}],"author":[{"embeddable":true,"href":"https:\/\/www.europesays.com\/de\/wp-json\/wp\/v2\/users\/2"}],"replies":[{"embeddable":true,"href":"https:\/\/www.europesays.com\/de\/wp-json\/wp\/v2\/comments?post=389497"}],"version-history":[{"count":0,"href":"https:\/\/www.europesays.com\/de\/wp-json\/wp\/v2\/posts\/389497\/revisions"}],"wp:featuredmedia":[{"embeddable":true,"href":"https:\/\/www.europesays.com\/de\/wp-json\/wp\/v2\/media\/389498"}],"wp:attachment":[{"href":"https:\/\/www.europesays.com\/de\/wp-json\/wp\/v2\/media?parent=389497"}],"wp:term":[{"taxonomy":"category","embeddable":true,"href":"https:\/\/www.europesays.com\/de\/wp-json\/wp\/v2\/categories?post=389497"},{"taxonomy":"post_tag","embeddable":true,"href":"https:\/\/www.europesays.com\/de\/wp-json\/wp\/v2\/tags?post=389497"}],"curies":[{"name":"wp","href":"https:\/\/api.w.org\/{rel}","templated":true}]}}