{"id":389522,"date":"2025-09-01T22:47:16","date_gmt":"2025-09-01T22:47:16","guid":{"rendered":"https:\/\/www.europesays.com\/de\/389522\/"},"modified":"2025-09-01T22:47:16","modified_gmt":"2025-09-01T22:47:16","slug":"online-eu-kommissionschefin-in-konstanza-zu-besuch","status":"publish","type":"post","link":"https:\/\/www.europesays.com\/de\/389522\/","title":{"rendered":"Online &#8211; EU-Kommissionschefin in Konstanza zu Besuch"},"content":{"rendered":"<p><strong class=\"news-list-date\"><br \/>\n\t\t\t\t\t\tMontag, 01. September 2025<br \/>\n\t\t\t\t\t\t<\/strong><\/p>\n<p><strong>Konstanza <\/strong>(ADZ) \u2013 EU-Kommissionspr\u00e4sidentin Ursula von Leyen wird am Montagnachmittag (nach Redaktionsschluss \u2013 Anm. d. Red.) auf dem Luftwaffenst\u00fctzpunkt Mihail Kog\u0103lniceanu, Kreis Konstanza, zu Besuch erwartet \u2013 der letzten Station einer viert\u00e4gigen Tour, die sie in die Grenzstaaten zu Russland und Belarus bzw. nach Lettland, Finnland, Estland, Polen, Litauen, Bulgarien und Rum\u00e4nien gef\u00fchrt hat. Mit ihrer viert\u00e4gigen Reise wollte von der Leyen die Unterst\u00fctzung f\u00fcr erw\u00e4hnte sieben L\u00e4nder zum Ausdruck bringen, die infolge ihrer geografischen Lage mit besonderen Herausforderungen konfrontiert sind, und dabei mit den f\u00fchrenden Politikern sowie Milit\u00e4rs besagter L\u00e4nder \u00fcber die Sicherheit und Verteidigung Europas diskutieren.<\/p>\n<p>Auf dem Programm der Kommissionschefin in Konstanza stehen Gespr\u00e4che mit Pr\u00e4sident Nicu\u0219or Dan und Verteidigungsminister Ionu\u021b Mo\u0219teanu (USR), w\u00e4hrend ein Treffen mit Premier Ilie Bolojan (PNL) wegen dessen \u00fcbervollen Terminkalenders abgesagt werden musste. Kernthemen der Unterredungen sollten die Kooperation zwischen EU und NATO sowie Ma\u00dfnahmen zur Abschreckung maritimer und hybrider Bedrohungen sein.\u00a0<\/p>\n","protected":false},"excerpt":{"rendered":"Montag, 01. September 2025 Konstanza (ADZ) \u2013 EU-Kommissionspr\u00e4sidentin Ursula von Leyen wird am Montagnachmittag (nach Redaktionsschluss \u2013 Anm.&hellip;\n","protected":false},"author":2,"featured_media":389523,"comment_status":"","ping_status":"","sticky":false,"template":"","format":"standard","meta":{"footnotes":""},"categories":[3933],"tags":[331,332,548,663,158,3934,3935,13,14,15,12],"class_list":{"0":"post-389522","1":"post","2":"type-post","3":"status-publish","4":"format-standard","5":"has-post-thumbnail","7":"category-eu","8":"tag-aktuelle-nachrichten","9":"tag-aktuelle-news","10":"tag-eu","11":"tag-europa","12":"tag-europaeische-union","13":"tag-europe","14":"tag-european-union","15":"tag-headlines","16":"tag-nachrichten","17":"tag-news","18":"tag-schlagzeilen"},"share_on_mastodon":{"url":"https:\/\/pubeurope.com\/@de\/115131478457050795","error":""},"_links":{"self":[{"href":"https:\/\/www.europesays.com\/de\/wp-json\/wp\/v2\/posts\/389522","targetHints":{"allow":["GET"]}}],"collection":[{"href":"https:\/\/www.europesays.com\/de\/wp-json\/wp\/v2\/posts"}],"about":[{"href":"https:\/\/www.europesays.com\/de\/wp-json\/wp\/v2\/types\/post"}],"author":[{"embeddable":true,"href":"https:\/\/www.europesays.com\/de\/wp-json\/wp\/v2\/users\/2"}],"replies":[{"embeddable":true,"href":"https:\/\/www.europesays.com\/de\/wp-json\/wp\/v2\/comments?post=389522"}],"version-history":[{"count":0,"href":"https:\/\/www.europesays.com\/de\/wp-json\/wp\/v2\/posts\/389522\/revisions"}],"wp:featuredmedia":[{"embeddable":true,"href":"https:\/\/www.europesays.com\/de\/wp-json\/wp\/v2\/media\/389523"}],"wp:attachment":[{"href":"https:\/\/www.europesays.com\/de\/wp-json\/wp\/v2\/media?parent=389522"}],"wp:term":[{"taxonomy":"category","embeddable":true,"href":"https:\/\/www.europesays.com\/de\/wp-json\/wp\/v2\/categories?post=389522"},{"taxonomy":"post_tag","embeddable":true,"href":"https:\/\/www.europesays.com\/de\/wp-json\/wp\/v2\/tags?post=389522"}],"curies":[{"name":"wp","href":"https:\/\/api.w.org\/{rel}","templated":true}]}}