{"id":389542,"date":"2025-09-01T22:59:13","date_gmt":"2025-09-01T22:59:13","guid":{"rendered":"https:\/\/www.europesays.com\/de\/389542\/"},"modified":"2025-09-01T22:59:13","modified_gmt":"2025-09-01T22:59:13","slug":"michael-kretschmer-besucht-landeskommando-sachsen-der-bundeswehr","status":"publish","type":"post","link":"https:\/\/www.europesays.com\/de\/389542\/","title":{"rendered":"Michael Kretschmer besucht Landeskommando Sachsen der Bundeswehr"},"content":{"rendered":"<p>Michael Kretschmer, der Ministerpr\u00e4sident des Freistaates Sachsen, besuchte k\u00fcrzlich das Landeskommando Sachsen der Bundeswehr in Dresden. Bei diesem Treffen informierte der Kommandeur des Landeskommandos, Oberst Michael H. Popielas, den Ministerpr\u00e4sidenten aus erster Hand \u00fcber die aktuellen Aufgaben und Herausforderungen, mit denen die Bundeswehr im Freistaat konfrontiert ist.<\/p>\n<p>Der Kernauftrag der Bundeswehr, die Landes- und B\u00fcndnisverteidigung, spielt insbesondere in Sachsen eine entscheidende Rolle. Dank seiner geographischen Lage und der Traffic-Infrastruktur ist Sachsen f\u00fcr die Drehscheibe Deutschland von enormer Bedeutung. Oberst Popielas erl\u00e4uterte, wie die Bundeswehr sicherstellt, dass die Landesverteidigung auf hohem Niveau gew\u00e4hrleistet wird und wie sie zur Sicherheitsarchitektur Deutschlands beitr\u00e4gt.<\/p>\n<p>Ein weiterer wichtiger Aspekt ist das nationale Krisenmanagement. In Zeiten von Naturkatastrophen oder schweren Ungl\u00fccken ist die Bundeswehr f\u00fcr die s\u00e4chsische Staatsregierung und die zust\u00e4ndigen Beh\u00f6rden ein erster Ansprechpartner. Popielas wies auf die Unterst\u00fctzung der Bundeswehr in der Amts- und Katastrophenhilfe hin, die sich zuletzt w\u00e4hrend des Waldbrandes in der Gohrischheide zeigte. &#8222;Klar ist: Innere und \u00e4u\u00dfere Sicherheit sind untrennbar miteinander verbunden&#8220;, so Oberst Popielas.<\/p>\n","protected":false},"excerpt":{"rendered":"Michael Kretschmer, der Ministerpr\u00e4sident des Freistaates Sachsen, besuchte k\u00fcrzlich das Landeskommando Sachsen der Bundeswehr in Dresden. Bei diesem&hellip;\n","protected":false},"author":2,"featured_media":389543,"comment_status":"","ping_status":"","sticky":false,"template":"","format":"standard","meta":{"footnotes":""},"categories":[1835],"tags":[74232,685,3364,29,2386,30,84991,1153,859,3931],"class_list":{"0":"post-389542","1":"post","2":"type-post","3":"status-publish","4":"format-standard","5":"has-post-thumbnail","7":"category-dresden","8":"tag-katastrophenhilfe","9":"tag-bundeswehr","10":"tag-de","11":"tag-deutschland","12":"tag-dresden","13":"tag-germany","14":"tag-landeskommando-sachsen","15":"tag-michael-kretschmer","16":"tag-sachsen","17":"tag-sicherheit"},"share_on_mastodon":{"url":"https:\/\/pubeurope.com\/@de\/115131525566258754","error":""},"_links":{"self":[{"href":"https:\/\/www.europesays.com\/de\/wp-json\/wp\/v2\/posts\/389542","targetHints":{"allow":["GET"]}}],"collection":[{"href":"https:\/\/www.europesays.com\/de\/wp-json\/wp\/v2\/posts"}],"about":[{"href":"https:\/\/www.europesays.com\/de\/wp-json\/wp\/v2\/types\/post"}],"author":[{"embeddable":true,"href":"https:\/\/www.europesays.com\/de\/wp-json\/wp\/v2\/users\/2"}],"replies":[{"embeddable":true,"href":"https:\/\/www.europesays.com\/de\/wp-json\/wp\/v2\/comments?post=389542"}],"version-history":[{"count":0,"href":"https:\/\/www.europesays.com\/de\/wp-json\/wp\/v2\/posts\/389542\/revisions"}],"wp:featuredmedia":[{"embeddable":true,"href":"https:\/\/www.europesays.com\/de\/wp-json\/wp\/v2\/media\/389543"}],"wp:attachment":[{"href":"https:\/\/www.europesays.com\/de\/wp-json\/wp\/v2\/media?parent=389542"}],"wp:term":[{"taxonomy":"category","embeddable":true,"href":"https:\/\/www.europesays.com\/de\/wp-json\/wp\/v2\/categories?post=389542"},{"taxonomy":"post_tag","embeddable":true,"href":"https:\/\/www.europesays.com\/de\/wp-json\/wp\/v2\/tags?post=389542"}],"curies":[{"name":"wp","href":"https:\/\/api.w.org\/{rel}","templated":true}]}}