{"id":389582,"date":"2025-09-01T23:21:11","date_gmt":"2025-09-01T23:21:11","guid":{"rendered":"https:\/\/www.europesays.com\/de\/389582\/"},"modified":"2025-09-01T23:21:11","modified_gmt":"2025-09-01T23:21:11","slug":"nach-hertha-und-union-lucas-tousart-verlaesst-berlin","status":"publish","type":"post","link":"https:\/\/www.europesays.com\/de\/389582\/","title":{"rendered":"Nach Hertha und Union: Lucas Tousart verl\u00e4sst Berlin"},"content":{"rendered":"<p>Lucas Tousart beendet seine Zeit in Berlin und kehrt in sein Heimatland Frankreich zur\u00fcck. Der Mittelfeldspieler von Fu\u00dfball-Bundesligist <a href=\"https:\/\/www.rbb24.de\/sport\/fussball\/fc-union-berlin\/index.html\" rel=\"nofollow noopener\" target=\"_blank\">Union Berlin<\/a> wechselt zu Stade Brest, wie die K\u00f6penicker am Montag mitteilten. Zu den Abl\u00f6semodalit\u00e4ten machte Union wie \u00fcblich keine Angaben. In Brest unterschrieb der 28-J\u00e4hrige einen Zweijahresvertrag.<\/p>\n<p>Tousart war 2020 als Kapit\u00e4n der franz\u00f6sischen U21-Nationalmannschaft von Olympique Lyon zu Hertha BSC gekommen. Nach dem Abstieg von Hertha im Sommer 2023 wechselte Tousart innerhalb Berlins nach K\u00f6penick und stand in 40 Pflichtspielen f\u00fcr Union auf dem Platz.<\/p>\n<p>Verteidiger Diogo Leite hingegen befindet sich bei den &#8222;Eisernen&#8220; weiter im Wartestand. Der wechselwillige Portugiese, der in dieser Spielzeit noch nicht eingesetzt wurde, trainierte am Montag individuell.<\/p>\n<p>Sendung: rbb24 Inforadio, 01.09.2025, 19:15 Uhr<\/p>\n","protected":false},"excerpt":{"rendered":"Lucas Tousart beendet seine Zeit in Berlin und kehrt in sein Heimatland Frankreich zur\u00fcck. Der Mittelfeldspieler von Fu\u00dfball-Bundesligist&hellip;\n","protected":false},"author":2,"featured_media":389583,"comment_status":"","ping_status":"","sticky":false,"template":"","format":"standard","meta":{"footnotes":""},"categories":[1816],"tags":[1960,1958,1959,1957,1956,1890,29,30],"class_list":{"0":"post-389582","1":"post","2":"type-post","3":"status-publish","4":"format-standard","5":"has-post-thumbnail","7":"category-brandenburg","8":"tag-aktuelle-nachrichten-aus-berlin-und-brandenburg","9":"tag-aktuelle-nachrichten-aus-brandenburg","10":"tag-aktuelle-news-aus-berlin-und-brandenburg","11":"tag-aktuelle-news-aus-brandenburg","12":"tag-berlin-und-brandenburg","13":"tag-brandenburg","14":"tag-deutschland","15":"tag-germany"},"share_on_mastodon":{"url":"https:\/\/pubeurope.com\/@de\/115131612401639792","error":""},"_links":{"self":[{"href":"https:\/\/www.europesays.com\/de\/wp-json\/wp\/v2\/posts\/389582","targetHints":{"allow":["GET"]}}],"collection":[{"href":"https:\/\/www.europesays.com\/de\/wp-json\/wp\/v2\/posts"}],"about":[{"href":"https:\/\/www.europesays.com\/de\/wp-json\/wp\/v2\/types\/post"}],"author":[{"embeddable":true,"href":"https:\/\/www.europesays.com\/de\/wp-json\/wp\/v2\/users\/2"}],"replies":[{"embeddable":true,"href":"https:\/\/www.europesays.com\/de\/wp-json\/wp\/v2\/comments?post=389582"}],"version-history":[{"count":0,"href":"https:\/\/www.europesays.com\/de\/wp-json\/wp\/v2\/posts\/389582\/revisions"}],"wp:featuredmedia":[{"embeddable":true,"href":"https:\/\/www.europesays.com\/de\/wp-json\/wp\/v2\/media\/389583"}],"wp:attachment":[{"href":"https:\/\/www.europesays.com\/de\/wp-json\/wp\/v2\/media?parent=389582"}],"wp:term":[{"taxonomy":"category","embeddable":true,"href":"https:\/\/www.europesays.com\/de\/wp-json\/wp\/v2\/categories?post=389582"},{"taxonomy":"post_tag","embeddable":true,"href":"https:\/\/www.europesays.com\/de\/wp-json\/wp\/v2\/tags?post=389582"}],"curies":[{"name":"wp","href":"https:\/\/api.w.org\/{rel}","templated":true}]}}