{"id":389827,"date":"2025-09-02T01:35:49","date_gmt":"2025-09-02T01:35:49","guid":{"rendered":"https:\/\/www.europesays.com\/de\/389827\/"},"modified":"2025-09-02T01:35:49","modified_gmt":"2025-09-02T01:35:49","slug":"pol-du-marxloh-verbotenes-kraftfahrzeugrennen-zeugensuche","status":"publish","type":"post","link":"https:\/\/www.europesays.com\/de\/389827\/","title":{"rendered":"POL-DU: Marxloh: Verbotenes Kraftfahrzeugrennen &#8211; Zeugensuche"},"content":{"rendered":"<p class=\"date\">01.09.2025 \u2013 14:32<\/p>\n<p class=\"customer\">\n                        <a class=\"story-customer\" title=\"weiter zum newsroom von Polizei Duisburg\" href=\"https:\/\/www.presseportal.de\/blaulicht\/nr\/50510\" rel=\"nofollow noopener\" target=\"_blank\">Polizei Duisburg<\/a>\n                    <\/p>\n<p><a data-category=\"citylink-story-view\" data-action=\"click\" data-label=\"Citylink in Meldungsansicht\" class=\"story-city event-trigger\" href=\"https:\/\/www.presseportal.de\/regional\/Duisburg\" title=\"News aus Duisburg \" rel=\"nofollow noopener\" target=\"_blank\">Duisburg<\/a> (ots)<\/p>\n<p>Am Freitagabend (29. August, 22:22 Uhr) verunfallte ein BMW im Bereich Willy-Brand-Ring \/ Kaiser-Wilhelm-Stra\u00dfe, weil der Fahrer mutma\u00dflich an einem verbotenen Kraftfahrzeugrennen teilnahm und die Kontrolle \u00fcber sein Auto verlor.<\/p>\n<p>Als die Polizisten vor Ort erschienen, trafen sie auf Zeugen und auf einen leicht verletzten 20-j\u00e4hrigen Duisburger. Sein wei\u00dfer BMW lag besch\u00e4digt in einem Graben. W\u00e4hrend die Einsatzkr\u00e4fte die Zeugen nach dem Unfallhergang befragten, verst\u00e4ndigten sie den Rettungsdienst.<\/p>\n<p>Die Zeugen berichteten, dass sich der junge Mann mit einem bisher unbekannten Autofahrer in einem schwarzen Wagen ein Rennen geliefert haben soll. Als der BMW von der Fahrbahn abkam, ergriff der zweite Fahrer mit seinem schwarzen Auto die Flucht.<\/p>\n<p>Ein speziell geschultes Verkehrsunfallaufnahmeteam aus Essen sicherte die Spuren am Unfallort. Ein Rettungswagen brachte den 20-J\u00e4hrigen in ein Krankenhaus. Die Polizisten beschlagnahmten den F\u00fchrerschein sowie den Unfallwagen. Weil der wei\u00dfe Pkw nicht mehr fahrbereit war, brachte ein Abschleppunternehmen das Fahrzeug zum Sicherstellungsgel\u00e4nde.<\/p>\n<p>Das Verkehrskommissariat 21 hat die Ermittlungen aufgenommen. Der junge Duisburger muss sich nun mit einem Strafverfahren wegen des Verdachts der Teilnahme an einem verbotenen Kraftfahrzeugrennens auseinandersetzen. Die Fahndung nach dem schwarzen Wagen dauert weiterhin an.<\/p>\n<p>Zeuginnen und Zeugen, die Angaben zu dem mutma\u00dflichen Rennen und zu dem fl\u00fcchtigen schwarzen Auto machen k\u00f6nnen, melden sich bitte bei den Ermittlern unter der Rufnummer 0203 2800.<\/p>\n<p class=\"contact-headline\">Journalisten wenden sich mit R\u00fcckfragen bitte an:<\/p>\n<p class=\"contact-text\">Polizei Duisburg<br \/>&#8211; Pressestelle &#8211;<br \/>Polizei Duisburg<br \/>Telefon: 0203 280 -1041, -1045, -1046, -1047<br \/>Fax: 0203 280 1049<br \/>E-Mail: <a href=\"https:\/\/www.presseportal.de\/blaulicht\/pm\/50510\/mailto: pressestelle.duisburg@polizei.nrw.de\" class=\"uri-mailto\" rel=\"nofollow noopener\" target=\"_blank\"> pressestelle.duisburg@polizei.nrw.de<\/a><br \/><a target=\"_blank\" class=\"uri-ext outbound\" rel=\"noopener nofollow\" href=\"https:\/\/duisburg.polizei.nrw\">https:\/\/duisburg.polizei.nrw<\/a><\/p>\n<p>au\u00dferhalb der B\u00fcrodienstzeiten:<br \/>Polizei Duisburg<br \/>Telefon: 0203 2800<\/p>\n<p class=\"originator\">Original-Content von: Polizei Duisburg, \u00fcbermittelt durch news aktuell<\/p>\n","protected":false},"excerpt":{"rendered":"01.09.2025 \u2013 14:32 Polizei Duisburg Duisburg (ots) Am Freitagabend (29. August, 22:22 Uhr) verunfallte ein BMW im Bereich&hellip;\n","protected":false},"author":2,"featured_media":386213,"comment_status":"","ping_status":"","sticky":false,"template":"","format":"standard","meta":{"footnotes":""},"categories":[1838],"tags":[3364,29,3715,30,177,1209,176,121,178,180,179,181],"class_list":{"0":"post-389827","1":"post","2":"type-post","3":"status-publish","4":"format-standard","5":"has-post-thumbnail","7":"category-duisburg","8":"tag-de","9":"tag-deutschland","10":"tag-duisburg","11":"tag-germany","12":"tag-kriminalitt","13":"tag-nordrhein-westfalen","14":"tag-nrw","15":"tag-polizei","16":"tag-presse","17":"tag-pressemeldung","18":"tag-pressemitteilung","19":"tag-pressemitteilungen"},"share_on_mastodon":{"url":"https:\/\/pubeurope.com\/@de\/115132143119796150","error":""},"_links":{"self":[{"href":"https:\/\/www.europesays.com\/de\/wp-json\/wp\/v2\/posts\/389827","targetHints":{"allow":["GET"]}}],"collection":[{"href":"https:\/\/www.europesays.com\/de\/wp-json\/wp\/v2\/posts"}],"about":[{"href":"https:\/\/www.europesays.com\/de\/wp-json\/wp\/v2\/types\/post"}],"author":[{"embeddable":true,"href":"https:\/\/www.europesays.com\/de\/wp-json\/wp\/v2\/users\/2"}],"replies":[{"embeddable":true,"href":"https:\/\/www.europesays.com\/de\/wp-json\/wp\/v2\/comments?post=389827"}],"version-history":[{"count":0,"href":"https:\/\/www.europesays.com\/de\/wp-json\/wp\/v2\/posts\/389827\/revisions"}],"wp:featuredmedia":[{"embeddable":true,"href":"https:\/\/www.europesays.com\/de\/wp-json\/wp\/v2\/media\/386213"}],"wp:attachment":[{"href":"https:\/\/www.europesays.com\/de\/wp-json\/wp\/v2\/media?parent=389827"}],"wp:term":[{"taxonomy":"category","embeddable":true,"href":"https:\/\/www.europesays.com\/de\/wp-json\/wp\/v2\/categories?post=389827"},{"taxonomy":"post_tag","embeddable":true,"href":"https:\/\/www.europesays.com\/de\/wp-json\/wp\/v2\/tags?post=389827"}],"curies":[{"name":"wp","href":"https:\/\/api.w.org\/{rel}","templated":true}]}}