{"id":389851,"date":"2025-09-02T01:49:12","date_gmt":"2025-09-02T01:49:12","guid":{"rendered":"https:\/\/www.europesays.com\/de\/389851\/"},"modified":"2025-09-02T01:49:12","modified_gmt":"2025-09-02T01:49:12","slug":"rb-leipzig-verliert-naechsten-offensiv-star-lois-openda-wechselt-zu-topklub-in-die-serie-a","status":"publish","type":"post","link":"https:\/\/www.europesays.com\/de\/389851\/","title":{"rendered":"RB Leipzig verliert n\u00e4chsten Offensiv-Star! Lois Openda wechselt zu Topklub in die Serie A"},"content":{"rendered":"<p>Nach Xavi Simons und Benjamin Sesko kehrt auch der belgische Torj\u00e4ger den Sachsen den R\u00fccken. Zun\u00e4chst auf Leihbasis.<\/p>\n<p>St\u00fcrmer Lois Openda wechselt von RB Leipzig zu Juventus Turin. Wie die Sachsen am Montagabend mitteilten, schlie\u00dft sich der Belgier dem italienischen Rekordmeister zun\u00e4chst auf Leihbasis an, beide Vereine vereinbarten demnach zudem eine Kaufpflicht.<\/p>\n","protected":false},"excerpt":{"rendered":"Nach Xavi Simons und Benjamin Sesko kehrt auch der belgische Torj\u00e4ger den Sachsen den R\u00fccken. Zun\u00e4chst auf Leihbasis.&hellip;\n","protected":false},"author":2,"featured_media":389852,"comment_status":"","ping_status":"","sticky":false,"template":"","format":"standard","meta":{"footnotes":""},"categories":[1832],"tags":[623,104639,299,3364,29,104640,25656,347,30,71,1655,859,4604,1288],"class_list":{"0":"post-389851","1":"post","2":"type-post","3":"status-publish","4":"format-standard","5":"has-post-thumbnail","7":"category-leipzig","8":"tag-1-fc-koeln","9":"tag-1-fc-koeln-vs-rb-leipzig","10":"tag-bundesliga","11":"tag-de","12":"tag-deutschland","13":"tag-fc-koeln-vs-rb-leipzig","14":"tag-fc-koeln","15":"tag-fussball","16":"tag-germany","17":"tag-leipzig","18":"tag-rb-leipzig","19":"tag-sachsen","20":"tag-soccer","21":"tag-transfers"},"share_on_mastodon":{"url":"https:\/\/pubeurope.com\/@de\/115132194104740789","error":""},"_links":{"self":[{"href":"https:\/\/www.europesays.com\/de\/wp-json\/wp\/v2\/posts\/389851","targetHints":{"allow":["GET"]}}],"collection":[{"href":"https:\/\/www.europesays.com\/de\/wp-json\/wp\/v2\/posts"}],"about":[{"href":"https:\/\/www.europesays.com\/de\/wp-json\/wp\/v2\/types\/post"}],"author":[{"embeddable":true,"href":"https:\/\/www.europesays.com\/de\/wp-json\/wp\/v2\/users\/2"}],"replies":[{"embeddable":true,"href":"https:\/\/www.europesays.com\/de\/wp-json\/wp\/v2\/comments?post=389851"}],"version-history":[{"count":0,"href":"https:\/\/www.europesays.com\/de\/wp-json\/wp\/v2\/posts\/389851\/revisions"}],"wp:featuredmedia":[{"embeddable":true,"href":"https:\/\/www.europesays.com\/de\/wp-json\/wp\/v2\/media\/389852"}],"wp:attachment":[{"href":"https:\/\/www.europesays.com\/de\/wp-json\/wp\/v2\/media?parent=389851"}],"wp:term":[{"taxonomy":"category","embeddable":true,"href":"https:\/\/www.europesays.com\/de\/wp-json\/wp\/v2\/categories?post=389851"},{"taxonomy":"post_tag","embeddable":true,"href":"https:\/\/www.europesays.com\/de\/wp-json\/wp\/v2\/tags?post=389851"}],"curies":[{"name":"wp","href":"https:\/\/api.w.org\/{rel}","templated":true}]}}