{"id":390222,"date":"2025-09-02T05:13:13","date_gmt":"2025-09-02T05:13:13","guid":{"rendered":"https:\/\/www.europesays.com\/de\/390222\/"},"modified":"2025-09-02T05:13:13","modified_gmt":"2025-09-02T05:13:13","slug":"graffiti-jam-findet-am-luerriper-bruchweg-statt","status":"publish","type":"post","link":"https:\/\/www.europesays.com\/de\/390222\/","title":{"rendered":"Graffiti-Jam findet am L\u00fcrriper Bruchweg statt"},"content":{"rendered":"<p class=\"text_ohne_einzug richtext text-em-55 !leading-serif mx-6 desktop:mx-0\">Man konnte es schon von Weitem h\u00f6ren: Die Musik der DJs beim diesj\u00e4hrigen \u201eTapetenwechsel\u201c am L\u00fcrriper Bruchweg. Bei Getr\u00e4nken, Beats und entspannter Atmosph\u00e4re haben sich am Samstag, 30. August, rund drei\u00dfig K\u00fcnstlerinnen und K\u00fcnstler aus der Stadt und dem Umland getroffen, um eine 600 Quadratmeter gro\u00dfe Wandfl\u00e4che in ein riesiges Gesamtkunstwerk zu verwandeln.<\/p>\n","protected":false},"excerpt":{"rendered":"Man konnte es schon von Weitem h\u00f6ren: Die Musik der DJs beim diesj\u00e4hrigen \u201eTapetenwechsel\u201c am L\u00fcrriper Bruchweg. Bei&hellip;\n","protected":false},"author":2,"featured_media":390223,"comment_status":"","ping_status":"","sticky":false,"template":"","format":"standard","meta":{"footnotes":""},"categories":[1849],"tags":[38415,14291,6151,29119,3364,29,104716,548,663,3934,30,13,3910,4819,4815,4455,14,15,1209,30702,104717,12,43084,104720,104719,13199,104718,90763],"class_list":{"0":"post-390222","1":"post","2":"type-post","3":"status-publish","4":"format-standard","5":"has-post-thumbnail","7":"category-moenchengladbach","8":"tag-38415","9":"tag-atmosphaere","10":"tag-besucher","11":"tag-besucherinnen","12":"tag-de","13":"tag-deutschland","14":"tag-dreissig","15":"tag-eu","16":"tag-europa","17":"tag-europe","18":"tag-germany","19":"tag-headlines","20":"tag-kuenstler","21":"tag-kuenstlerin","22":"tag-kuenstlerinnen","23":"tag-moenchengladbach","24":"tag-nachrichten","25":"tag-news","26":"tag-nordrhein-westfalen","27":"tag-quadratmeter","28":"tag-riesiges","29":"tag-schlagzeilen","30":"tag-tapetenwechsel","31":"tag-verwandeln","32":"tag-verwandelten","33":"tag-wand","34":"tag-wandflaeche","35":"tag-wandgestaltung"},"share_on_mastodon":{"url":"https:\/\/pubeurope.com\/@de\/115132996312725814","error":""},"_links":{"self":[{"href":"https:\/\/www.europesays.com\/de\/wp-json\/wp\/v2\/posts\/390222","targetHints":{"allow":["GET"]}}],"collection":[{"href":"https:\/\/www.europesays.com\/de\/wp-json\/wp\/v2\/posts"}],"about":[{"href":"https:\/\/www.europesays.com\/de\/wp-json\/wp\/v2\/types\/post"}],"author":[{"embeddable":true,"href":"https:\/\/www.europesays.com\/de\/wp-json\/wp\/v2\/users\/2"}],"replies":[{"embeddable":true,"href":"https:\/\/www.europesays.com\/de\/wp-json\/wp\/v2\/comments?post=390222"}],"version-history":[{"count":0,"href":"https:\/\/www.europesays.com\/de\/wp-json\/wp\/v2\/posts\/390222\/revisions"}],"wp:featuredmedia":[{"embeddable":true,"href":"https:\/\/www.europesays.com\/de\/wp-json\/wp\/v2\/media\/390223"}],"wp:attachment":[{"href":"https:\/\/www.europesays.com\/de\/wp-json\/wp\/v2\/media?parent=390222"}],"wp:term":[{"taxonomy":"category","embeddable":true,"href":"https:\/\/www.europesays.com\/de\/wp-json\/wp\/v2\/categories?post=390222"},{"taxonomy":"post_tag","embeddable":true,"href":"https:\/\/www.europesays.com\/de\/wp-json\/wp\/v2\/tags?post=390222"}],"curies":[{"name":"wp","href":"https:\/\/api.w.org\/{rel}","templated":true}]}}