{"id":390234,"date":"2025-09-02T05:20:14","date_gmt":"2025-09-02T05:20:14","guid":{"rendered":"https:\/\/www.europesays.com\/de\/390234\/"},"modified":"2025-09-02T05:20:14","modified_gmt":"2025-09-02T05:20:14","slug":"ich-gehe-gern-zur-arbeit","status":"publish","type":"post","link":"https:\/\/www.europesays.com\/de\/390234\/","title":{"rendered":"\u201eIch gehe gern zur Arbeit\u201c"},"content":{"rendered":"<p><img loading=\"lazy\" decoding=\"async\" title=\"Sandra Reher steht steht l\u00e4chelnd neben ihrem Fahrrad vor einem Verwaltungsgeb\u00e4ude. \" alt=\"Sandra Reher steht steht l\u00e4chelnd neben ihrem Fahrrad vor einem Verwaltungsgeb\u00e4ude. \" src=\"https:\/\/www.europesays.com\/de\/wp-content\/uploads\/2025\/09\/csm_2025-08-07-arbeitgeberkampagne-reher-teaser2_90d7719ee4.jpg\" width=\"300\" height=\"173\"\/><\/p>\n<p>Mit einem L\u00e4cheln auf dem Weg zur Arbeit: Sandra Reher zeigt gern Gesicht f\u00fcr die Arbeitgeberkampagne des Bistums M\u00fcnster. <\/p>\n<p>\u00a9 Bistum M\u00fcnster\/Thomas Mohn<\/p>\n<p>Seit acht Jahren ist sie beim Bisch\u00f6flichen Generalvikariat, der Verwaltung des Bistums M\u00fcnster, angestellt. Dort geh\u00f6rt Sandra Reher zum Fachbereich Schule, Hochschule, Bildung und ist in der Abteilung Bildungs- und Schulverwaltung t\u00e4tig. \u201eIch betreue und verwalte vier der insgesamt 32 Bistumsschulen, vor allem im Hinblick auf deren Personalangelegenheiten sowie teils auf die Finanzen\u201c, beschreibt sie ihre Aufgaben.\u00a0<\/p>\n<p>An denen hat die M\u00fcnsteranerin viel Freude \u2013 nicht zuletzt, weil sie ihre Talente optimal einbringen kann. \u201eIch kommuniziere gern, das ist f\u00fcr meinen Job wichtig\u201c, sagt sie. Au\u00dferdem liege ihr die strukturierte Arbeit, die f\u00fcr die Aktenpflege Voraussetzung ist. Dass sie au\u00dferdem in neuen R\u00e4umlichkeiten in der M\u00fcnsteraner Innenstadt sitzt, ist f\u00fcr sie das buchst\u00e4bliche T\u00fcpfelchen auf dem I: \u201eDie Lage ist top, und die R\u00e4ume gehen kaum besser.\u201c<\/p>\n<p>Dass sie f\u00fcr ihren Arbeitgeber wirbt, ist f\u00fcr Sandra Reher keine neue Erfahrung: \u201eIn meinem Umfeld empfehle ich das BGV immer mal wieder als Arbeitgeber und habe auch schon ein paar Menschen als Kolleginnen und Kollegen zu uns geholt\u201c, sagt sie lachend. Genauso, \u00fcber Mund-zu-Mund-Propaganda, ist sie selbst ins BGV gekommen: \u201eDie Tochter einer damaligen Kollegin hatte ihre Ausbildung hier gemacht und schw\u00e4rmte immer von den guten Arbeitsbedingungen und dem Klima. Deshalb habe ich mich einfach mal beworben.\u201c<\/p>\n<p>Diese vom Erfolg gekr\u00f6nte Entscheidung hat sie bis heute nicht bereut. \u201eHier wird Miteinander bewusst gelebt und vom Arbeitgeber gef\u00f6rdert\u201c, sagt Reher. Zudem sch\u00e4tzt sie die gute Vereinbarkeit von Berufs- und Privatleben.\u00a0<\/p>\n<p>Von diesen Pluspunkten hat sie im Rahmen der Arbeitgeberkampagne gern berichtet und sich auch gern f\u00fcr die Werbema\u00dfnahmen fotografieren lassen. \u201eDas war sehr professionell, sehr kurzweilig und hat Spa\u00df gemacht\u201c, sagt sie \u2013 und das gilt aus Sandra Rehers Sicht nicht nur f\u00fcr das Fotoshooting, sondern ebenso f\u00fcr ihren Arbeitsplatz allgemein.\u00a0<\/p>\n<p>Anke Lucht<\/p>\n<p>Sandra Reher ist eines von 32 Gesichtern der Arbeitgeberkampagne des Bistums M\u00fcnster. Unter den Claims \u201eDank Dir!\u201c f\u00fcr die Mitarbeitendenbindung und \u201eDu bist uns wichtig!\u201c f\u00fcr die Mitarbeitendengewinnung steht das Thema Wertsch\u00e4tzung im Zentrum. So soll auch die Bekanntheit der katholischen Kirche im Bistum M\u00fcnster als attraktive Arbeitgeberin f\u00fcr vielf\u00e4ltige Berufsbilder ausgebaut werden. Vorgeschlagen wurden die Kampagnengesichter von ihren Kolleginnen und Kollegen. Die Kampagnengesichter zieren zum Beispiel das \u00a0<a href=\"https:\/\/www.kirchentalente.de\/stellenmarkt\" target=\"_blank\" class=\"std-external\" rel=\"noreferrer nofollow noopener\"><strong>Jobportal Kirchentalente des Bistums M\u00fcnster<\/strong><\/a> und werben in Social Media Anzeigen f\u00fcr ihre Arbeitgeberin.<\/p>\n","protected":false},"excerpt":{"rendered":"Mit einem L\u00e4cheln auf dem Weg zur Arbeit: Sandra Reher zeigt gern Gesicht f\u00fcr die Arbeitgeberkampagne des Bistums&hellip;\n","protected":false},"author":2,"featured_media":390235,"comment_status":"","ping_status":"","sticky":false,"template":"","format":"standard","meta":{"footnotes":""},"categories":[1843],"tags":[87355,23528,87354,3364,29,104723,30,8970,1209,104722],"class_list":{"0":"post-390234","1":"post","2":"type-post","3":"status-publish","4":"format-standard","5":"has-post-thumbnail","7":"category-muenster","8":"tag-arbeitgeberkampagne","9":"tag-bistums-muenster","10":"tag-dank-dir","11":"tag-de","12":"tag-deutschland","13":"tag-generalvikariat","14":"tag-germany","15":"tag-muenster","16":"tag-nordrhein-westfalen","17":"tag-sandra-reher"},"share_on_mastodon":{"url":"https:\/\/pubeurope.com\/@de\/115133023881227630","error":""},"_links":{"self":[{"href":"https:\/\/www.europesays.com\/de\/wp-json\/wp\/v2\/posts\/390234","targetHints":{"allow":["GET"]}}],"collection":[{"href":"https:\/\/www.europesays.com\/de\/wp-json\/wp\/v2\/posts"}],"about":[{"href":"https:\/\/www.europesays.com\/de\/wp-json\/wp\/v2\/types\/post"}],"author":[{"embeddable":true,"href":"https:\/\/www.europesays.com\/de\/wp-json\/wp\/v2\/users\/2"}],"replies":[{"embeddable":true,"href":"https:\/\/www.europesays.com\/de\/wp-json\/wp\/v2\/comments?post=390234"}],"version-history":[{"count":0,"href":"https:\/\/www.europesays.com\/de\/wp-json\/wp\/v2\/posts\/390234\/revisions"}],"wp:featuredmedia":[{"embeddable":true,"href":"https:\/\/www.europesays.com\/de\/wp-json\/wp\/v2\/media\/390235"}],"wp:attachment":[{"href":"https:\/\/www.europesays.com\/de\/wp-json\/wp\/v2\/media?parent=390234"}],"wp:term":[{"taxonomy":"category","embeddable":true,"href":"https:\/\/www.europesays.com\/de\/wp-json\/wp\/v2\/categories?post=390234"},{"taxonomy":"post_tag","embeddable":true,"href":"https:\/\/www.europesays.com\/de\/wp-json\/wp\/v2\/tags?post=390234"}],"curies":[{"name":"wp","href":"https:\/\/api.w.org\/{rel}","templated":true}]}}