{"id":390354,"date":"2025-09-02T06:24:27","date_gmt":"2025-09-02T06:24:27","guid":{"rendered":"https:\/\/www.europesays.com\/de\/390354\/"},"modified":"2025-09-02T06:24:27","modified_gmt":"2025-09-02T06:24:27","slug":"der-boersen-tag-dienstag-2-september-2025","status":"publish","type":"post","link":"https:\/\/www.europesays.com\/de\/390354\/","title":{"rendered":"Der B\u00f6rsen-Tag Dienstag, 2. September 2025"},"content":{"rendered":"<p>Die asiatischen Aktienm\u00e4rkte zeigen ein gemischtes Bild. W\u00e4hrend die japanische B\u00f6rse von der Hoffnung auf eine vorsichtige Geldpolitik der Bank of Japan (BOJ) profitiert, belasten in China Gewinnmitnahmen nach der j\u00fcngsten Rally. Der <b>Nikkei<\/b>-Index in Tokio legt um 0,3 Prozent auf 42.292,88 Punkte zu, der breiter gefasste <b>Topix<\/b> gewinnt 0,5 Prozent auf 3077,77 Z\u00e4hler. Der <b>Shanghai Composite<\/b> gib tdagegen 0,6 Prozent auf 3850,52 Stellen nach. Der Index der wichtigsten Unternehmen in <b>Shanghai und Shenzhen<\/b> verliert 0,3 Prozent auf 4509,49 Punkte.<\/p>\n<p>  <a title=\"NIKKEI 225 INDEX\" href=\"https:\/\/www.n-tv.de\/boersenkurse\/indizes\/nikkei-148429\" rel=\"nofollow noopener\" target=\"_blank\">  <img decoding=\"async\" src=\"https:\/\/www.europesays.com\/de\/wp-content\/uploads\/2025\/09\/1756794267_766_chartNG.gfn\" alt=\"Nikkei\" class=\"space__strech lazyload\"\/>    <strong>Nikkei<\/strong>  42.244,28  <\/a>  <\/p>\n<p> In Japan stehen Staatsanleihen im Fokus, nachdem die Renditen zuletzt auf Mehrjahreshochs geklettert sind. Das Finanzministerium plant heute eine Auktion zehnj\u00e4hriger Anleihen im Volumen von rund 2,6 Billionen Yen. &#8222;W\u00e4hrend eine \u00fcbergro\u00dfe Zinssenkung um 50 Basispunkte im September derzeit nicht die Basiserwartung ist, kann sie nicht v\u00f6llig ausgeschlossen werden, falls die Arbeitsmarktdaten im August au\u00dfergew\u00f6hnliche Schw\u00e4che zeigen&#8220;, sagt Vasu Menon, Managing Director f\u00fcr Anlagestrategie bei der OCBC Bank. An den chinesischen B\u00f6rsen setzt nach der dreit\u00e4gigen Rallye eine Konsolidierung ein. Der <b>CSI300<\/b>-Index hatte am Montag ein Dreijahreshoch erreicht, getrieben von Begeisterung f\u00fcr K\u00fcnstliche Intelligenz. <\/p>\n","protected":false},"excerpt":{"rendered":"Die asiatischen Aktienm\u00e4rkte zeigen ein gemischtes Bild. W\u00e4hrend die japanische B\u00f6rse von der Hoffnung auf eine vorsichtige Geldpolitik&hellip;\n","protected":false},"author":2,"featured_media":390355,"comment_status":"","ping_status":"","sticky":false,"template":"","format":"standard","meta":{"footnotes":""},"categories":[134],"tags":[1752,175,170,169,282,23532,29,30,171,174,104738,104739,173,172],"class_list":{"0":"post-390354","1":"post","2":"type-post","3":"status-publish","4":"format-standard","5":"has-post-thumbnail","7":"category-unternehmen-maerkte","8":"tag-boersen-tag","9":"tag-business","10":"tag-companies","11":"tag-companies-markets","12":"tag-der","13":"tag-deutscher","14":"tag-deutschland","15":"tag-germany","16":"tag-markets","17":"tag-maerkte","18":"tag-motorenbauer","19":"tag-ruestungsgeschaeft","20":"tag-unternehmen","21":"tag-unternehmen-maerkte"},"share_on_mastodon":{"url":"https:\/\/pubeurope.com\/@de\/115133275699482566","error":""},"_links":{"self":[{"href":"https:\/\/www.europesays.com\/de\/wp-json\/wp\/v2\/posts\/390354","targetHints":{"allow":["GET"]}}],"collection":[{"href":"https:\/\/www.europesays.com\/de\/wp-json\/wp\/v2\/posts"}],"about":[{"href":"https:\/\/www.europesays.com\/de\/wp-json\/wp\/v2\/types\/post"}],"author":[{"embeddable":true,"href":"https:\/\/www.europesays.com\/de\/wp-json\/wp\/v2\/users\/2"}],"replies":[{"embeddable":true,"href":"https:\/\/www.europesays.com\/de\/wp-json\/wp\/v2\/comments?post=390354"}],"version-history":[{"count":0,"href":"https:\/\/www.europesays.com\/de\/wp-json\/wp\/v2\/posts\/390354\/revisions"}],"wp:featuredmedia":[{"embeddable":true,"href":"https:\/\/www.europesays.com\/de\/wp-json\/wp\/v2\/media\/390355"}],"wp:attachment":[{"href":"https:\/\/www.europesays.com\/de\/wp-json\/wp\/v2\/media?parent=390354"}],"wp:term":[{"taxonomy":"category","embeddable":true,"href":"https:\/\/www.europesays.com\/de\/wp-json\/wp\/v2\/categories?post=390354"},{"taxonomy":"post_tag","embeddable":true,"href":"https:\/\/www.europesays.com\/de\/wp-json\/wp\/v2\/tags?post=390354"}],"curies":[{"name":"wp","href":"https:\/\/api.w.org\/{rel}","templated":true}]}}