{"id":390416,"date":"2025-09-02T06:59:10","date_gmt":"2025-09-02T06:59:10","guid":{"rendered":"https:\/\/www.europesays.com\/de\/390416\/"},"modified":"2025-09-02T06:59:10","modified_gmt":"2025-09-02T06:59:10","slug":"pistorius-in-troisdorf-bei-der-ruestungsproduktion-ist-noch-luft-nach-oben","status":"publish","type":"post","link":"https:\/\/www.europesays.com\/de\/390416\/","title":{"rendered":"Pistorius in Troisdorf: Bei der R\u00fcstungsproduktion ist noch Luft nach oben"},"content":{"rendered":"<p class=\"small date article__date\">Ver\u00f6ffentlicht:\u00a0Dienstag, 02.09.2025 07:49<\/p>\n<p>&#8222;Wir sind noch nicht am Limit&#8220; &#8211; das sagte Bundesverteidigungsminister Boris Pistorius gestern bei einem Besuch in Troisdorf. Beim R\u00fcstungsbetrieb DynITEC, einer Tochter von Diehl Defence, guckte er sich die Produktion an.<\/p>\n<p><img decoding=\"async\" alt=\"\" src=\"https:\/\/www.europesays.com\/de\/wp-content\/uploads\/2025\/09\/img_3174.jpg&#038;crop=0x138x493x308&#038;resize=493x308&#038;dt=202509020811500.jpeg\" data-size=\"493x308\"\/>\u00a9 Sarah Lenz\/RBRSTroisdorfer Betrieb wichtiger Teil der Lieferkette <\/p>\n<p>Hier werden Teile von Z\u00fcndern und Sprengstoffe hergestellt, die in Munition und Raketen verbaut werden. Pistoirus nannte den Troisdorfer Betrieb ein Beispiel daf\u00fcr, dass Deutschland in der Produktion unabh\u00e4ngiger werden m\u00fcsse. DynITEC trage dazu bei, die Einsatzbereitschaft der Streitkr\u00e4fte zu gew\u00e4hrleisten und die nationale Sicherheit zu st\u00e4rken. Tats\u00e4chlich hatte Diehl Defence die Kapazit\u00e4ten in Troisdorf nach eigener Aussage zuletzt verdoppelt. Bis 2026 werde man sie noch einmal verdoppeln, hei\u00dft es. Diehl investiert derzeit rund eine Milliarde Euro in deutsche Standorte, drunter auch in Troisdorf. In der Stadt hatte es zeitweise Streit um den Betrieb gegeben, weil der Stadtrat auf dem gro\u00dfen Areal in der City lieber Wohnraum geschaffen h\u00e4tte. Das hatte \u00fcber Deutschland hinaus f\u00fcr Schlagzeilen gesorgt.<\/p>\n","protected":false},"excerpt":{"rendered":"Ver\u00f6ffentlicht:\u00a0Dienstag, 02.09.2025 07:49 &#8222;Wir sind noch nicht am Limit&#8220; &#8211; das sagte Bundesverteidigungsminister Boris Pistorius gestern bei einem&hellip;\n","protected":false},"author":2,"featured_media":390417,"comment_status":"","ping_status":"","sticky":false,"template":"","format":"standard","meta":{"footnotes":"","_share_on_mastodon":"0"},"categories":[1842],"tags":[12953,104767,104768,104769,7381,8057,1741,3364,29,30,1209],"class_list":["post-390416","post","type-post","status-publish","format-standard","has-post-thumbnail","category-bonn","tag-rstungsindustrie","tag-bundesverteidigungsminister-boris-pistorius","tag-diehl-defence","tag-dynitec","tag-troisdorf","tag-besuch","tag-bonn","tag-de","tag-deutschland","tag-germany","tag-nordrhein-westfalen"],"share_on_mastodon":{"url":"https:\/\/pubeurope.com\/@de\/115133413222689022","error":""},"_links":{"self":[{"href":"https:\/\/www.europesays.com\/de\/wp-json\/wp\/v2\/posts\/390416","targetHints":{"allow":["GET"]}}],"collection":[{"href":"https:\/\/www.europesays.com\/de\/wp-json\/wp\/v2\/posts"}],"about":[{"href":"https:\/\/www.europesays.com\/de\/wp-json\/wp\/v2\/types\/post"}],"author":[{"embeddable":true,"href":"https:\/\/www.europesays.com\/de\/wp-json\/wp\/v2\/users\/2"}],"replies":[{"embeddable":true,"href":"https:\/\/www.europesays.com\/de\/wp-json\/wp\/v2\/comments?post=390416"}],"version-history":[{"count":0,"href":"https:\/\/www.europesays.com\/de\/wp-json\/wp\/v2\/posts\/390416\/revisions"}],"wp:featuredmedia":[{"embeddable":true,"href":"https:\/\/www.europesays.com\/de\/wp-json\/wp\/v2\/media\/390417"}],"wp:attachment":[{"href":"https:\/\/www.europesays.com\/de\/wp-json\/wp\/v2\/media?parent=390416"}],"wp:term":[{"taxonomy":"category","embeddable":true,"href":"https:\/\/www.europesays.com\/de\/wp-json\/wp\/v2\/categories?post=390416"},{"taxonomy":"post_tag","embeddable":true,"href":"https:\/\/www.europesays.com\/de\/wp-json\/wp\/v2\/tags?post=390416"}],"curies":[{"name":"wp","href":"https:\/\/api.w.org\/{rel}","templated":true}]}}