{"id":390453,"date":"2025-09-02T07:21:11","date_gmt":"2025-09-02T07:21:11","guid":{"rendered":"https:\/\/www.europesays.com\/de\/390453\/"},"modified":"2025-09-02T07:21:11","modified_gmt":"2025-09-02T07:21:11","slug":"esslingen-dachstuhlbrand-ruft-feuerwehr-auf-den-plan-zwei-verletzte-kreis","status":"publish","type":"post","link":"https:\/\/www.europesays.com\/de\/390453\/","title":{"rendered":"Esslingen: Dachstuhlbrand ruft Feuerwehr auf den Plan \u2013 zwei Verletzte &#8211; Kreis"},"content":{"rendered":"<p>\t\t\t\t\t\t\t\t\t\t\t\t\t\t\t\t\t\t\t\t\t\t\t\t\t\t\t\t\t\t\t\t\t\t\t\t   \t\t\t\t\t \t\t\t\t   \t      \t\t\t\t   <img decoding=\"async\" id=\"article-image\" fetchpriority=\"high\" alt=\"Esslingen: Dachstuhlbrand ruft Feuerwehr auf den Plan \u2013 zwei Verletzte\" title=\"Esslingen: Dachstuhlbrand ruft Feuerwehr auf den Plan \u2013 zwei Verletzte\" src=\"https:\/\/www.europesays.com\/de\/wp-content\/uploads\/2025\/09\/media.media.0fff1870-45f9-4501-8579-8acd7f81a263.original700.jpg\" data-linkto=\"https:\/\/www.esslinger-zeitung.de\/javascript:void(0);\"\/>\t\t\t\t\t\t\t\t\t\t\t\t\t\t\t\t\t\t\t\t\t\t\t\tDie Feuerwehr l\u00f6schte den Brand.\u00a0Foto: SDMG\t\t\t<\/p>\n<p>Der Dachstuhl eines Mehrfamilienhauses f\u00e4ngt in der Nacht zum Dienstag Feuer. Drei Geb\u00e4ude m\u00fcssen evakuiert werden, zwei Menschen werden verletzt. Was bekannt ist.<\/p>\n<p>\ufeffDer Dachstuhl eines Mehrfamilienhauses in der Hirschlandstra\u00dfe in <a href=\"https:\/\/www.esslinger-zeitung.de\/thema\/Esslingen\" title=\"Esslingen\" class=\"art_thema\" rel=\"nofollow noopener\" target=\"_blank\">Esslingen<\/a> ist in der Nacht zum Dienstag aus bislang unbekannter Ursache in <a href=\"https:\/\/www.esslinger-zeitung.de\/thema\/Brand\" title=\"Brand\" class=\"art_thema\" rel=\"nofollow noopener\" target=\"_blank\">Brand<\/a> geraten. Bei dem Brand wurden zwei Menschen leicht verletzt. Insgesamt drei Geb\u00e4ude mussten evakuiert werden.<\/p>\n<p>Wie die Polizei berichtet, wurden die Einsatzkr\u00e4fte der <a href=\"https:\/\/www.esslinger-zeitung.de\/thema\/Feuerwehr\" title=\"Feuerwehr\" class=\"art_thema\" rel=\"nofollow noopener\" target=\"_blank\">Feuerwehr<\/a> und des Rettungsdienstes gegen 1.45 Uhr alarmiert. Zun\u00e4chst wurden die Bewohner des betroffenen Geb\u00e4udes in Sicherheit gebracht. Da die Feuerwehr nicht ausschlie\u00dfen konnte, dass die Flammen auf zwei Nebengeb\u00e4ude \u00fcbergriffen, wurden auch diese beiden H\u00e4user evakuiert. <\/p>\n<p>Nach derzeitigem Kenntnisstand wurden zwei Personen leicht verletzt. Sie wurden vom Rettungsdienst in ein Krankenhaus gebracht. Der Sachschaden kann derzeit noch nicht beziffert werden, d\u00fcrfte sich jedoch im mittleren sechsstelligen Bereich bewegen. Da das Geb\u00e4ude nicht mehr bewohnbar ist, werden die Anwohner anderweitig untergebracht. Derzeit sind noch Nachl\u00f6scharbeiten im Gange. (Stand: 4 Uhr)<\/p>\n","protected":false},"excerpt":{"rendered":"Die Feuerwehr l\u00f6schte den Brand.\u00a0Foto: SDMG Der Dachstuhl eines Mehrfamilienhauses f\u00e4ngt in der Nacht zum Dienstag Feuer. Drei&hellip;\n","protected":false},"author":2,"featured_media":390454,"comment_status":"","ping_status":"","sticky":false,"template":"","format":"standard","meta":{"footnotes":""},"categories":[1830],"tags":[1634,2919,3364,29,3439,985,30,1441],"class_list":{"0":"post-390453","1":"post","2":"type-post","3":"status-publish","4":"format-standard","5":"has-post-thumbnail","7":"category-stuttgart","8":"tag-baden-wuerttemberg","9":"tag-brand","10":"tag-de","11":"tag-deutschland","12":"tag-esslingen","13":"tag-feuerwehr","14":"tag-germany","15":"tag-stuttgart"},"share_on_mastodon":{"url":"https:\/\/pubeurope.com\/@de\/115133500680372388","error":""},"_links":{"self":[{"href":"https:\/\/www.europesays.com\/de\/wp-json\/wp\/v2\/posts\/390453","targetHints":{"allow":["GET"]}}],"collection":[{"href":"https:\/\/www.europesays.com\/de\/wp-json\/wp\/v2\/posts"}],"about":[{"href":"https:\/\/www.europesays.com\/de\/wp-json\/wp\/v2\/types\/post"}],"author":[{"embeddable":true,"href":"https:\/\/www.europesays.com\/de\/wp-json\/wp\/v2\/users\/2"}],"replies":[{"embeddable":true,"href":"https:\/\/www.europesays.com\/de\/wp-json\/wp\/v2\/comments?post=390453"}],"version-history":[{"count":0,"href":"https:\/\/www.europesays.com\/de\/wp-json\/wp\/v2\/posts\/390453\/revisions"}],"wp:featuredmedia":[{"embeddable":true,"href":"https:\/\/www.europesays.com\/de\/wp-json\/wp\/v2\/media\/390454"}],"wp:attachment":[{"href":"https:\/\/www.europesays.com\/de\/wp-json\/wp\/v2\/media?parent=390453"}],"wp:term":[{"taxonomy":"category","embeddable":true,"href":"https:\/\/www.europesays.com\/de\/wp-json\/wp\/v2\/categories?post=390453"},{"taxonomy":"post_tag","embeddable":true,"href":"https:\/\/www.europesays.com\/de\/wp-json\/wp\/v2\/tags?post=390453"}],"curies":[{"name":"wp","href":"https:\/\/api.w.org\/{rel}","templated":true}]}}