{"id":390493,"date":"2025-09-02T07:43:17","date_gmt":"2025-09-02T07:43:17","guid":{"rendered":"https:\/\/www.europesays.com\/de\/390493\/"},"modified":"2025-09-02T07:43:17","modified_gmt":"2025-09-02T07:43:17","slug":"wie-altersmedizin-die-krebsbehandlung-veraendert","status":"publish","type":"post","link":"https:\/\/www.europesays.com\/de\/390493\/","title":{"rendered":"Wie Altersmedizin die Krebsbehandlung ver\u00e4ndert"},"content":{"rendered":"<p>    <a href=\"https:\/\/www.dggeriatrie.de\/\" target=\"_new\" rel=\"nofollow noopener\"><img decoding=\"async\" class=\"EmbeddedImage\" style=\"max-height:200px; max-width: 200px;\" src=\"https:\/\/idw-online.de\/de\/institutionlogo36600\" border=\"0\" alt=\"institution logo\"\/><\/a><\/p>\n<p>        <a title=\"LinkedIn\" href=\"#\" onclick=\"window.open('https:\/\/www.linkedin.com\/shareArticle?mini=true&amp;url=http:\/\/www.idw-online.de\/-DRVuAA','Share on LinkedIn', 'status=1, width=800, height=600, resizable=0, top=100, left=100')\"><img decoding=\"async\" style=\"width:20px;height:20px;visibility:hidden;\" src=\"https:\/\/idw-online.de\/images\/bluesky_mbsw.svg\"\/><\/a><\/p>\n<p>        <a title=\"Twitter\" href=\"#\" onclick=\"window.open('https:\/\/twitter.com\/share?url=http:\/\/www.idw-online.de\/-DRVuAA&amp;text=Geriatrische+Onkologie+im+Fokus%3A+Wie+Altersmedizin+die+Krebsbehandlung+ver%C3%A4ndert','Share on Twitter', 'status=1, width=800, height=600, resizable=0, top=100, left=100')\"><img decoding=\"async\" style=\"width:20px;height:20px;visibility:hidden;\" src=\"https:\/\/idw-online.de\/images\/x_mbsw.svg\"\/><\/a><\/p>\n<p>        <a title=\"Bluesky\" href=\"#\" onclick=\"window.open('https:\/\/bsky.app\/intent\/compose?text=Geriatrische+Onkologie+im+Fokus%3A+Wie+Altersmedizin+die+Krebsbehandlung+ver%C3%A4ndert%20http:\/\/www.idw-online.de\/-DRVuAA','Share on Bluesky', 'status=1, width=800, height=600, resizable=0, top=100, left=100')\"><img decoding=\"async\" style=\"width:20px;height:20px;visibility:hidden;\" src=\"https:\/\/idw-online.de\/images\/bluesky_mbsw.svg\"\/><\/a><\/p>\n<p>\n            Teilen:\u00a0\n        <\/p>\n<p>    02.09.2025 09:35<\/p>\n<p>    Geriatrische Onkologie im Fokus: Wie Altersmedizin die Krebsbehandlung ver\u00e4ndert <\/p>\n<p>\n    Wie l\u00e4sst sich Krebs im h\u00f6heren Lebensalter besser behandeln? Diese Frage steht im Zentrum des Keynote-Vortrags von Dr. Cecilia Lund beim Jahreskongress 2025 der Deutschen Gesellschaft f\u00fcr Geriatrie (DGG) in Weimar. Die d\u00e4nische Geriaterin und Assistenzprofessorin der Universit\u00e4t Kopenhagen gibt einen \u00dcberblick \u00fcber die rasante Entwicklung der geriatrischen Onkologie \u2013 von einem Randthema hin zu einem festen Bestandteil moderner Krebsleitlinien. Dabei zeigt sie auf, wie eine individualisierte, altersgerechte Versorgung nicht nur die Lebensqualit\u00e4t \u00e4lterer Krebspatientinnen und -patienten verbessert, sondern auch deren Chancen auf eine erfolgreiche Therapie steigert.<\/p>\n<p>\n    \u201eNoch vor wenigen Jahren war es keineswegs selbstverst\u00e4ndlich, \u00e4ltere Krebspatientinnen und -patienten geriatrisch zu beurteilen\u201c, erkl\u00e4rt Cecilia Lund. Heute sei klar: Altersspezifische Begleiterkrankungen, kognitive Einschr\u00e4nkungen und funktionelle Defizite m\u00fcssen in die Therapieplanung einbezogen werden. \u201eDie Integration geriatrischer Prinzipien in die Onkologie ist kein Luxus. Sie ist medizinisch notwendig.\u201c<\/p>\n<p>Studien zeigen: Geriatrische Begleitung verbessert Therapieerfolg<\/p>\n<p>Cecilia Lund ist Fach\u00e4rztin f\u00fcr Geriatrie am Universit\u00e4tskrankenhaus Kopenhagen \u2013 mit den Standorten Herlev und Gentofte \u2013 und hat sich in der Forschung auf das sogenannte geriatrische Co-Management spezialisiert. Bei diesem Behandlungsansatz werden \u00e4ltere Krebspatientinnen und -patienten w\u00e4hrend der onkologischen Therapie engmaschig geriatrisch mitbetreut. Besonders im Fokus stehen dabei Multimorbidit\u00e4t, kognitive Beeintr\u00e4chtigungen und k\u00f6rperliche Leistungsf\u00e4higkeit. Als Studienleiterin der vielbeachteten GERICO-Studie konnte Lund zeigen, dass eine umfassende geriatrische Intervention die Abschlussrate von Chemotherapien bei Patientinnen und Patienten mit kolorektalem Krebs signifikant verbessert. Die Ergebnisse f\u00fchrten dazu, dass am Universit\u00e4tskrankenhaus Kopenhagen geriatrische Standards in die onkologische Routineversorgung aufgenommen wurden \u2013 ein Meilenstein f\u00fcr die klinische Praxis.<\/p>\n<p>Schwindel, St\u00fcrze und Lebensqualit\u00e4t: Neue Studien setzen Schwerpunkte<\/p>\n<p>Doch damit nicht genug: Cecila Lund forscht auch zu bislang untersch\u00e4tzten Risiken im Zusammenhang mit Krebstherapien im Alter, etwa Schwindel und Sturzgefahr w\u00e4hrend der Chemotherapie. In der laufenden randomisierten Studie SaVe \u2013 kurz f\u00fcr Sarcopenia and Vertigo in Aging Patients with Colorectal Cancer, also Sarkopenie und Schwindel bei alternden Patientinnen und Patienten mit Darmkrebs \u2013 untersucht sie gemeinsam mit ihrem Team, inwiefern personalisierte Bewegungsprogramme und geriatrische Interventionen helfen k\u00f6nnen, Mobilit\u00e4t und Lebensqualit\u00e4t zu erhalten. \u201eGerade in der Krebstherapie darf Lebensverl\u00e4ngerung nicht bedeuten, dass Lebensqualit\u00e4t auf der Strecke bleibt\u201c, betont Lund. Aktuell betreut sie sechs Promotionsprojekte in der geriatrischen Onkologie und ist zugleich nationale Koordinatorin f\u00fcr mehrere d\u00e4nische Multicenterstudien. Ihre Forschung bewegt sich an der Schnittstelle von Altersmedizin, Onkologie und Versorgungsforschung und zeigt eindrucksvoll, wie moderne Krebsmedizin im h\u00f6heren Alter wirksam und menschlich zugleich gestaltet werden kann.<\/p>\n<p>Zur Person<\/p>\n<p>Dr. Cecilia Lund ist Fach\u00e4rztin f\u00fcr Geriatrie am Universit\u00e4tskrankenhaus Kopenhagen \u2013 mit den Standorten Herlev und Gentofte \u2013 sowie Assistenzprofessorin an der Universit\u00e4t Kopenhagen. Ihr wissenschaftlicher Fokus liegt auf dem geriatrischen Co-Management bei Krebserkrankungen. Mit der GERICO-Studie etablierte sie die geriatrische Mitbehandlung in der d\u00e4nischen Onkologie. Neben ihrer Forschung zu k\u00f6rperlicher Funktion und Multimorbidit\u00e4t in der Krebsmedizin engagiert sie sich f\u00fcr die Pr\u00e4vention von Schwindel und St\u00fcrzen im Rahmen der Chemotherapie \u00e4lterer Patientinnen und Patienten.<\/p>\n<p>Jetzt Termin vormerken<\/p>\n<p>Kongress-Keynote von Dr. Cecilia Lund: \u201eGeriatric oncology \u2013 from niche to essential components of cancer care\u201c<br \/>Jahreskongress der Deutschen Gesellschaft f\u00fcr Geriatrie (DGG) <br \/><a href=\"https:\/\/www.geriatrie-kongress.de\/\" target=\"_new\" rel=\"nofollow noopener\">https:\/\/www.geriatrie-kongress.de\/<\/a><br \/>Samstag, 20. September 2025<br \/>10.15 bis 11 Uhr<br \/>Gro\u00dfer Saal, Congress Centrum Weimarhalle<\/p>\n<p>F\u00fcr Journalistinnen und Journalisten: Interviewm\u00f6glichkeit und Kongress-Akkreditierung<\/p>\n<p>Sie w\u00fcnschen vorab oder vor Ort ein Gespr\u00e4ch mit Dr. Cecilia Lund? Gerne helfen wir bei der Terminkoordination. Akkreditieren Sie sich zudem jetzt f\u00fcr den Geriatrie-Kongress in Weimar. Einfach mit Kopie Ihres Presseausweises oder einer Redaktionsbest\u00e4tigung per E-Mail an: <a href=\"https:\/\/idw-online.de\/de\/mailto:presse@dggeriatrie.de\" target=\"_new\" rel=\"nofollow noopener\">presse@dggeriatrie.de<\/a>\n    <\/p>\n<p>    Weitere Informationen:<\/p>\n<p><a href=\"https:\/\/www.dggeriatrie.de\/presse\/pressemeldungen\/2474-pm-geriatrische-onkologie-im-fokus-wie-altersmedizin-die-krebsbehandlung-veraendert\" rel=\"nofollow noopener\" target=\"_blank\">https:\/\/www.dggeriatrie.de\/presse\/pressemeldungen\/2474-pm-geriatrische-onkologie&#8230;<\/a><\/p>\n<p><b>Bilder<\/b><\/p>\n<p class=\"widescreenhide\"><a class=\"main\" data-reveal-id=\"imgModal1\" href=\"#\"><img loading=\"lazy\" decoding=\"async\" src=\"https:\/\/www.europesays.com\/de\/wp-content\/uploads\/2025\/09\/newsimage\" width=\"135\" height=\"180\" alt=\"Dr. Cecilia Lund\" title=\"Dr. Cecilia Lund\" border=\"0\" id=\"image_411299_thumb\"\/><\/a><br \/>\n<a class=\"main\" data-reveal-id=\"imgModal\"\/><a href=\"https:\/\/idw-online.de\/de\/image?id=411299&amp;size=screen\" rel=\"nofollow noopener\" target=\"_blank\"><br \/>Dr. Cecilia Lund<br \/>Quelle: Tomas Bertelsen<br \/>Copyright: Copenhagen University Hospital<\/p>\n<p>\n    <strong>Merkmale dieser Pressemitteilung: <br \/><\/strong><br \/>\n     Journalisten, Studierende, Wissenschaftler<br \/>Ern\u00e4hrung \/ Gesundheit \/ Pflege, Medizin<br \/>\u00fcberregional<br \/>Forschungs- \/ Wissenstransfer, Wissenschaftliche Tagungen<br \/>Deutsch\n    <\/p>\n<p>    \u00a0<\/p>\n<dl class=\"sub-nav green maincontent\">\n<dd class=\"active\">\n    <a href=\"https:\/\/idw-online.de\/de\/javascript:history.back()\" rel=\"nofollow noopener\" target=\"_blank\">Zur\u00fcck<\/a>\n    <\/dd>\n<\/dl>\n<p>    <img loading=\"lazy\" decoding=\"async\" src=\"https:\/\/www.europesays.com\/de\/wp-content\/uploads\/2025\/04\/loading.gif\" width=\"128\" height=\"128\"\/><\/p>\n<p>    <script async src=\"https:\/\/platform.twitter.com\/widgets.js\" charset=\"utf-8\"><\/script><\/p>\n","protected":false},"excerpt":{"rendered":"Teilen:\u00a0 02.09.2025 09:35 Geriatrische Onkologie im Fokus: Wie Altersmedizin die Krebsbehandlung ver\u00e4ndert Wie l\u00e4sst sich Krebs im h\u00f6heren&hellip;\n","protected":false},"author":2,"featured_media":390494,"comment_status":"","ping_status":"","sticky":false,"template":"","format":"standard","meta":{"footnotes":""},"categories":[137],"tags":[29,30,141,232],"class_list":{"0":"post-390493","1":"post","2":"type-post","3":"status-publish","4":"format-standard","5":"has-post-thumbnail","7":"category-gesundheit","8":"tag-deutschland","9":"tag-germany","10":"tag-gesundheit","11":"tag-health"},"share_on_mastodon":{"url":"https:\/\/pubeurope.com\/@de\/115133586841593317","error":""},"_links":{"self":[{"href":"https:\/\/www.europesays.com\/de\/wp-json\/wp\/v2\/posts\/390493","targetHints":{"allow":["GET"]}}],"collection":[{"href":"https:\/\/www.europesays.com\/de\/wp-json\/wp\/v2\/posts"}],"about":[{"href":"https:\/\/www.europesays.com\/de\/wp-json\/wp\/v2\/types\/post"}],"author":[{"embeddable":true,"href":"https:\/\/www.europesays.com\/de\/wp-json\/wp\/v2\/users\/2"}],"replies":[{"embeddable":true,"href":"https:\/\/www.europesays.com\/de\/wp-json\/wp\/v2\/comments?post=390493"}],"version-history":[{"count":0,"href":"https:\/\/www.europesays.com\/de\/wp-json\/wp\/v2\/posts\/390493\/revisions"}],"wp:featuredmedia":[{"embeddable":true,"href":"https:\/\/www.europesays.com\/de\/wp-json\/wp\/v2\/media\/390494"}],"wp:attachment":[{"href":"https:\/\/www.europesays.com\/de\/wp-json\/wp\/v2\/media?parent=390493"}],"wp:term":[{"taxonomy":"category","embeddable":true,"href":"https:\/\/www.europesays.com\/de\/wp-json\/wp\/v2\/categories?post=390493"},{"taxonomy":"post_tag","embeddable":true,"href":"https:\/\/www.europesays.com\/de\/wp-json\/wp\/v2\/tags?post=390493"}],"curies":[{"name":"wp","href":"https:\/\/api.w.org\/{rel}","templated":true}]}}