{"id":390869,"date":"2025-09-02T11:08:31","date_gmt":"2025-09-02T11:08:31","guid":{"rendered":"https:\/\/www.europesays.com\/de\/390869\/"},"modified":"2025-09-02T11:08:31","modified_gmt":"2025-09-02T11:08:31","slug":"farbattacke-auf-landtag-in-hannover-angeklagter-verurteilt","status":"publish","type":"post","link":"https:\/\/www.europesays.com\/de\/390869\/","title":{"rendered":"Farbattacke auf Landtag in Hannover: Angeklagter verurteilt"},"content":{"rendered":"<p>        <img decoding=\"async\" src=\"https:\/\/www.europesays.com\/de\/wp-content\/uploads\/2025\/09\/landtag6496.webp\" alt=\"Reinigungskr\u00e4fte entfernen Farbschmierereien am Nieders\u00e4chsischen Landtag.\" title=\"Reinigungskr\u00e4fte entfernen Farbschmierereien am Nieders\u00e4chsischen Landtag. | NDR, Martina Thorausch\" class=\"responsive\"\/><\/p>\n<p>\n            Stand: 02.09.2025 12:10 Uhr<\/p>\n<p class=\"preface\">Die Farbattacke auf das Geb\u00e4ude des nieders\u00e4chsischen Landtags in Hannover hat Konsequenzen: Das Amtsgericht verurteilte einen 25-J\u00e4hrigen zu einer Geldstrafe. Der Mann ist laut Staatsanwaltschaft kein Unbekannter.<\/p>\n<p class=\"\">\nDas Amtsgericht Hannover sah es als erwiesen an, dass der Mann gemeinsam mit weiteren bislang unbekannten T\u00e4tern die denkmalgesch\u00fctzte Fassade des <a href=\"https:\/\/www.ndr.de\/nachrichten\/niedersachsen\/hannover_weser-leinegebiet\/Debatte-nach-Farbattacke-Wie-der-Landtag-sicherer-werden-kann,farbattacke104.html\" title=\"Debatte nach Farbattacke: Wie der Landtag sicherer werden kann\" target=\"_blank\" rel=\"noopener\">Parlaments<\/a> beschmierte und in der N\u00e4he ein Kunstwerk bespr\u00fchte. Das Gericht verurteilte ihn wegen gemeinsch\u00e4dlicher Sachbesch\u00e4digung in zwei F\u00e4llen. Neben der Geldstrafe in H\u00f6he von 2.000 Euro muss der 25-J\u00e4hrige die Gerichtskosten tragen. Mit dem Urteil folgte das Gericht der Forderung der Staatsanwaltschaft. Die Verteidigung hat eine Woche Zeit, um Berufung einzulegen.<\/p>\n<p>    Akt der Verzweiflung?<\/p>\n<p class=\"\">\nDer 25-J\u00e4hrige hat die Tat am Dienstag vor Gericht teilweise gestanden: &#8222;Free Gaza&#8220; habe er an das Geb\u00e4ude geschmiert, das rote Dreieck allerdings nicht. Dieses Symbol wird von der Terrororganisation Hamas benutzt, um milit\u00e4rische Ziele zu markieren. Vor Gericht erkl\u00e4rte der Beschuldigte sein Motiv: Er sei auf vielen Demos gewesen, um auf die Lage in Gaza aufmerksam zu machen. Am Ende sei die Farbattacke ein &#8222;Akt der Verzweiflung&#8220; gewesen, weil Demos nichts br\u00e4chten.<\/p>\n<p>        <img decoding=\"async\" src=\"https:\/\/www.europesays.com\/de\/wp-content\/uploads\/2025\/09\/screenshot1821700.webp\" alt=\"Ein Schriftzug am Landtagsgeb\u00e4ude in Hannover ist mit roter Farbe befleckt.\" title=\"Ein Schriftzug am Landtagsgeb\u00e4ude in Hannover ist mit roter Farbe befleckt. | Screenshot\" class=\"responsive\" loading=\"lazy\"\/><\/p>\n<p>\n                                    1 Min<\/p>\n<p>Nach Farbschmierereien am Landtagsgeb\u00e4ude hat das Parlament m\u00f6gliche Schutzma\u00dfnahmen diskutiert, zum Beispiel eine Bannmeile.<\/p>\n<p>    Durch Farbattacke rund 70.000 Schaden entstanden<\/p>\n<p class=\"\">\nNach Angaben des Amtsgerichts waren die denkmalgesch\u00fctzte Fassade des Geb\u00e4udes mit der pro-pal\u00e4stinensischen Parole &#8222;Free Gaza&#8220; und einem roten Dreieck und die S\u00e4ulen der Eingangshalle sowie die Treppen mit der Farbe beschmiert worden. Die rote Farbe musste aufwendig vom Geb\u00e4ude entfernt werden. Durch die Tat waren Sch\u00e4den in H\u00f6he von rund <a href=\"https:\/\/www.ndr.de\/nachrichten\/niedersachsen\/hannover_weser-leinegebiet\/Nach-Farbattacke-Sanierung-des-Landtags-kostet-70000-Euro,farbattacke108.html\" title=\"Nach Farbattacke: Sanierung des Landtags kostet 70.000 Euro\" target=\"_blank\" rel=\"noopener\">70.000 Euro<\/a> entstanden. Ob der 25-J\u00e4hrige auch f\u00fcr den Schaden aufkommen muss, ist unklar. Etwaige Anspr\u00fcche m\u00fcssen in einem Zivilverfahren gekl\u00e4rt werden. Die Staatsanwaltschaft hatte\u00a0Anklage\u00a0gegen den 25-j\u00e4hrigen Verd\u00e4chtigen erhoben, nachdem er mithilfe von Aufnahmen einer \u00dcberwachungskamera erkannt worden war. Der Mann sei als Teilnehmer von pro-pal\u00e4stinensischen Demonstrationen polizeibekannt.<\/p>\n<p>        <img decoding=\"async\" src=\"https:\/\/www.europesays.com\/de\/wp-content\/uploads\/2025\/09\/landtag6532.webp\" alt=\"Rote Farbspuren sind noch immer am nieders\u00e4chsischen Landtag zu sehen.\" title=\"Rote Farbspuren sind noch immer am nieders\u00e4chsischen Landtag zu sehen. | picture alliance\/dpa, Julian Stratenschulte\" class=\"responsive\" loading=\"lazy\"\/><\/p>\n<p>Die Arbeiten am Nieders\u00e4chsischen Landtag sind abgeschlossen. Das Land zahlt zun\u00e4chst, plant aber Schadensersatzanspr\u00fcche.<\/p>\n<p>        <img decoding=\"async\" src=\"https:\/\/www.europesays.com\/de\/wp-content\/uploads\/2025\/09\/landtag6494.webp\" alt=\"Farbschmierereien am Nieders\u00e4chsischen Landtag.\" title=\"Farbschmierereien am Nieders\u00e4chsischen Landtag. | NDR, Martina Thorausch\" class=\"responsive\" loading=\"lazy\"\/><\/p>\n<p>Dar\u00fcber haben die Abgeordneten am Donnerstag in Hannover diskutiert. Die Ideen der Parteien gehen teils weit auseinander.<\/p>\n<p>Dieses Thema im Programm:<\/p>\n<p>                NDR 1 Niedersachsen | Aktuell | 02.09.2025 | 06:00 Uhr<\/p>\n<p>        Schlagw\u00f6rter zu diesem Artikel<\/p>\n<p>            <a href=\"https:\/\/www.ndr.de\/nachrichten\/niedersachsen\/hannover_weser-leinegebiet\/Hannover-Aktuelle-News-und-Nachrichten,hannover18518.html\" target=\"_blank\" rel=\"noopener\">Hannover<\/a><\/p>\n","protected":false},"excerpt":{"rendered":"Stand: 02.09.2025 12:10 Uhr Die Farbattacke auf das Geb\u00e4ude des nieders\u00e4chsischen Landtags in Hannover hat Konsequenzen: Das Amtsgericht&hellip;\n","protected":false},"author":2,"featured_media":390870,"comment_status":"","ping_status":"","sticky":false,"template":"","format":"standard","meta":{"footnotes":""},"categories":[1836],"tags":[3364,29,4421,30,46,1411,52885,1269,104732],"class_list":{"0":"post-390869","1":"post","2":"type-post","3":"status-publish","4":"format-standard","5":"has-post-thumbnail","7":"category-hannover","8":"tag-de","9":"tag-deutschland","10":"tag-farbattacke","11":"tag-germany","12":"tag-hannover","13":"tag-niedersachsen","14":"tag-niedersaechsischer-landtag","15":"tag-prozess","16":"tag-rote-farbe"},"share_on_mastodon":{"url":"https:\/\/pubeurope.com\/@de\/115134392482679387","error":""},"_links":{"self":[{"href":"https:\/\/www.europesays.com\/de\/wp-json\/wp\/v2\/posts\/390869","targetHints":{"allow":["GET"]}}],"collection":[{"href":"https:\/\/www.europesays.com\/de\/wp-json\/wp\/v2\/posts"}],"about":[{"href":"https:\/\/www.europesays.com\/de\/wp-json\/wp\/v2\/types\/post"}],"author":[{"embeddable":true,"href":"https:\/\/www.europesays.com\/de\/wp-json\/wp\/v2\/users\/2"}],"replies":[{"embeddable":true,"href":"https:\/\/www.europesays.com\/de\/wp-json\/wp\/v2\/comments?post=390869"}],"version-history":[{"count":0,"href":"https:\/\/www.europesays.com\/de\/wp-json\/wp\/v2\/posts\/390869\/revisions"}],"wp:featuredmedia":[{"embeddable":true,"href":"https:\/\/www.europesays.com\/de\/wp-json\/wp\/v2\/media\/390870"}],"wp:attachment":[{"href":"https:\/\/www.europesays.com\/de\/wp-json\/wp\/v2\/media?parent=390869"}],"wp:term":[{"taxonomy":"category","embeddable":true,"href":"https:\/\/www.europesays.com\/de\/wp-json\/wp\/v2\/categories?post=390869"},{"taxonomy":"post_tag","embeddable":true,"href":"https:\/\/www.europesays.com\/de\/wp-json\/wp\/v2\/tags?post=390869"}],"curies":[{"name":"wp","href":"https:\/\/api.w.org\/{rel}","templated":true}]}}