{"id":391281,"date":"2025-09-02T14:47:17","date_gmt":"2025-09-02T14:47:17","guid":{"rendered":"https:\/\/www.europesays.com\/de\/391281\/"},"modified":"2025-09-02T14:47:17","modified_gmt":"2025-09-02T14:47:17","slug":"klingbeil-kaempft-um-stimmen-fuer-spd-buergermeister-nrw","status":"publish","type":"post","link":"https:\/\/www.europesays.com\/de\/391281\/","title":{"rendered":"Klingbeil k\u00e4mpft um Stimmen f\u00fcr SPD-B\u00fcrgermeister | NRW"},"content":{"rendered":"<p>F\u00fcr die SPD geht es bei der Kommunalwahl darum, ihre Macht in m\u00f6glichst vielen NRW-Rath\u00e4usern zu verteidigen. So wie in Herford. Unterst\u00fctzung kommt nun von SPD-Chef Lars Klingbeil.<\/p>\n<p id=\"absatz1\" class=\"em_text\">Kaputte Schulklos, marode Sporthallen, Leerstand in der Innenstadt: SPD-Chef und Vizekanzler Lars Klingbeil hat sich in Ostwestfalen in den NRW-Kommunalwahlkampf gemischt. Auf dem Marktplatz von Herford beantwortete er Fragen von B\u00fcrgern und versprach, sich in Berlin vor allem f\u00fcr stabile Arbeitspl\u00e4tze und mehr Gerechtigkeit einzusetzen.<\/p>\n<p id=\"absatz2\" class=\"em_text\">\u00abWir sind nicht die Partei, die sich darum k\u00fcmmert, dass die Menschen B\u00fcrgergeld bekommen. Sondern wir sind die Partei, die sich darum k\u00fcmmert, dass die Menschen einen guten Job haben und vern\u00fcnftig verdienen\u00bb, sagte der SPD-Chef.<\/p>\n<p id=\"absatz4\" class=\"em_text\">Entscheidend sei, dass sich Leistung wieder mehr lohne. \u00abDu kannst dich heute anstrengen, wie du willst: In manchen Orten kannst du dir keine Wohnung mehr leisten, geschweige denn ein eigenes H\u00e4uschen. Dieser Traum geht f\u00fcr viele Leute gerade kaputt\u00bb, mahnte Klingbeil. Deshalb k\u00e4mpfe die SPD in der schwarz-roten Bundesregierung etwa f\u00fcr h\u00f6here L\u00f6hne und eine bessere Tarifbindung.<\/p>\n<p>Niedrigere Steuer soll Essen im Restaurant g\u00fcnstiger machen<\/p>\n<p><a class=\"link-img\" href=\"https:\/\/www.mt.de\/_em_daten\/_cache\/image\/1xSkZrbm5qenlidjRuZ05UTUhWYjVSckhnQjU0a2xYMzlWbVc0dWVzSldkbEoxeTdOOWlpb2NPV1lUUGo0OGFSZUQvU053cU9DNjE4a3NiRFFzdUNLRWE2ODRhMnFEblZ3Q05UNi90aFJXdVZ0YjcwSVNWdHh5dy95eXJFMENQYkk\/250902-1635-urn-newsml-dpa-com-20090101-250902-935-806828.webp\" data-fancybox=\"images\" data-caption=\"Die Menschen auf dem Alten Markt von Herford haben nicht nur nach der Bundespolitik gefragt, sondern auch nach kaputten Schulklos, maroden Sporthallen und dem Leerstand in der Innenstadt. - \u00a9 Friso Gentsch\/dpa\" rel=\"nofollow noopener\" target=\"_blank\"><br \/>\n<img decoding=\"async\"  src=\"https:\/\/www.europesays.com\/de\/wp-content\/uploads\/2025\/09\/250902-1635-urn-newsml-dpa-com-20090101-250902-935-806828.webp.webp\" loading=\"lazy\" width=\"1000\" alt=\"Die Menschen auf dem Alten Markt von Herford haben nicht nur nach der Bundespolitik gefragt, sondern auch nach kaputten Schulklos, maroden Sporthallen und dem Leerstand in der Innenstadt. - \u00a9 Friso Gentsch\/dpa\"\/><\/p>\n<p><\/a><\/p>\n<p>Die Menschen auf dem Alten Markt von Herford haben nicht nur nach der Bundespolitik gefragt, sondern auch nach kaputten Schulklos, maroden Sporthallen und dem Leerstand in der Innenstadt. &#8211; \u00a9 Friso Gentsch\/dpa<\/p>\n<p id=\"absatz6\" class=\"em_text\">Mit Blick auf die geplante Senkung der Mehrwertsteuer f\u00fcr die Gastronomie bekr\u00e4ftigte Klingbeil seine Forderung an die Gastwirte, die niedrigeren Steuern auch an ihre G\u00e4ste weiterzugeben. \u00abIch will, dass das Leben g\u00fcnstiger wird f\u00fcr die, die dann auch in die Restaurants gehen.\u00bb<\/p>\n<p><a class=\"link-img\" href=\"https:\/\/www.mt.de\/_em_daten\/_cache\/image\/1xSkZrbm5qenlidjRuZ05UTUhWYjVSckhnQjU0a2xYMzlWbVc0dWVzSldkbEoxeTdOOWlpb2NPV1lUUGo0OGFSZUQvU053cU9DNjE4a3NiRFFzdUNLRWFDaG4vS0tCRzlCc0FjOXhydHRja1MvT2YzV0MxM3FHS0ppMkVzcjZOZlc\/250902-1635-urn-newsml-dpa-com-20090101-250902-935-806825.webp\" data-fancybox=\"images\" data-caption=\"Auf Bierdeckeln haben die B\u00fcrger ihre Fragen an Klingbeil notiert. - \u00a9 Friso Gentsch\/dpa\" rel=\"nofollow noopener\" target=\"_blank\"><br \/>\n<img decoding=\"async\"  src=\"https:\/\/www.europesays.com\/de\/wp-content\/uploads\/2025\/09\/250902-1635-urn-newsml-dpa-com-20090101-250902-935-806825.webp.webp\" loading=\"lazy\" width=\"1000\" alt=\"Auf Bierdeckeln haben die B\u00fcrger ihre Fragen an Klingbeil notiert. - \u00a9 Friso Gentsch\/dpa\"\/><\/p>\n<p><\/a><\/p>\n<p>Auf Bierdeckeln haben die B\u00fcrger ihre Fragen an Klingbeil notiert. &#8211; \u00a9 Friso Gentsch\/dpa<\/p>\n<p id=\"absatz8\" class=\"em_text\">Zuletzt hatten etwa der Branchenverband Dehoga und die Gewerkschaft NGG betont, f\u00fcr Preissenkungen sei in der finanziell angeschlagenen Gastronomie trotz der Mehrwertsenkung kaum Spielraum.<\/p>\n<p>Wahlkampf in Kneipen und auf Pl\u00e4tzen<\/p>\n<p id=\"absatz9\" class=\"em_text\">Klingbeil tourt nach bis Freitag durch den nordrhein-westf\u00e4lischen Kommunalwahlkampf, diskutiert in Kneipen, auf \u00f6ffentlichen Pl\u00e4tzen und mit Vertretern der Wirtschaft. Am 14. September werden im gr\u00f6\u00dften deutschen Bundesland unter anderem B\u00fcrgermeister, Landr\u00e4te, Gemeinder\u00e4te und Kreistage neu gew\u00e4hlt. <\/p>\n","protected":false},"excerpt":{"rendered":"F\u00fcr die SPD geht es bei der Kommunalwahl darum, ihre Macht in m\u00f6glichst vielen NRW-Rath\u00e4usern zu verteidigen. So&hellip;\n","protected":false},"author":2,"featured_media":391282,"comment_status":"","ping_status":"","sticky":false,"template":"","format":"standard","meta":{"footnotes":""},"categories":[1841],"tags":[296,1605,3364,29,6763,30,16398,10917,776,8677,1209,3144,104946,184,6799],"class_list":{"0":"post-391281","1":"post","2":"type-post","3":"status-publish","4":"format-standard","5":"has-post-thumbnail","7":"category-bielefeld","8":"tag-berlin","9":"tag-bielefeld","10":"tag-de","11":"tag-deutschland","12":"tag-gastronomie","13":"tag-germany","14":"tag-herford","15":"tag-kommunalwahl","16":"tag-lars-klingbeil","17":"tag-leerstand","18":"tag-nordrhein-westfalen","19":"tag-ostwestfalen","20":"tag-schulklo","21":"tag-spd","22":"tag-wahlkampf"},"share_on_mastodon":{"url":"https:\/\/pubeurope.com\/@de\/115135253515792811","error":""},"_links":{"self":[{"href":"https:\/\/www.europesays.com\/de\/wp-json\/wp\/v2\/posts\/391281","targetHints":{"allow":["GET"]}}],"collection":[{"href":"https:\/\/www.europesays.com\/de\/wp-json\/wp\/v2\/posts"}],"about":[{"href":"https:\/\/www.europesays.com\/de\/wp-json\/wp\/v2\/types\/post"}],"author":[{"embeddable":true,"href":"https:\/\/www.europesays.com\/de\/wp-json\/wp\/v2\/users\/2"}],"replies":[{"embeddable":true,"href":"https:\/\/www.europesays.com\/de\/wp-json\/wp\/v2\/comments?post=391281"}],"version-history":[{"count":0,"href":"https:\/\/www.europesays.com\/de\/wp-json\/wp\/v2\/posts\/391281\/revisions"}],"wp:featuredmedia":[{"embeddable":true,"href":"https:\/\/www.europesays.com\/de\/wp-json\/wp\/v2\/media\/391282"}],"wp:attachment":[{"href":"https:\/\/www.europesays.com\/de\/wp-json\/wp\/v2\/media?parent=391281"}],"wp:term":[{"taxonomy":"category","embeddable":true,"href":"https:\/\/www.europesays.com\/de\/wp-json\/wp\/v2\/categories?post=391281"},{"taxonomy":"post_tag","embeddable":true,"href":"https:\/\/www.europesays.com\/de\/wp-json\/wp\/v2\/tags?post=391281"}],"curies":[{"name":"wp","href":"https:\/\/api.w.org\/{rel}","templated":true}]}}