{"id":392538,"date":"2025-09-03T02:34:13","date_gmt":"2025-09-03T02:34:13","guid":{"rendered":"https:\/\/www.europesays.com\/de\/392538\/"},"modified":"2025-09-03T02:34:13","modified_gmt":"2025-09-03T02:34:13","slug":"viele-offene-lehrstellen-darum-gibt-es-in-stuttgart-weniger-azubis-im-handwerk","status":"publish","type":"post","link":"https:\/\/www.europesays.com\/de\/392538\/","title":{"rendered":"Viele offene Lehrstellen: Darum gibt es in Stuttgart weniger Azubis im Handwerk"},"content":{"rendered":"<p>Zum Start ins neue Ausbildungsjahr Anfang September gibt es im <a href=\"https:\/\/www.stuttgarter-zeitung.de\/thema\/Handwerk\" title=\"Handwerk\" class=\"art_thema\" rel=\"nofollow noopener\" target=\"_blank\">Handwerk<\/a> in der <a href=\"https:\/\/www.stuttgarter-zeitung.de\/thema\/Region_Stuttgart\" title=\"Region Stuttgart\" class=\"art_thema\" rel=\"nofollow noopener\" target=\"_blank\">Region Stuttgart<\/a> noch viele freie Lehrstellen. \u201eEtwa jeder vierte oder f\u00fcnfte Ausbildungsplatz bleibt unbesetzt\u201c, sagte Peter Friedrich, Hauptgesch\u00e4ftsf\u00fchrer der Handwerkskammer Region Stuttgart, unserer Zeitung.<\/p>\n<p>Eine konkrete Zahl hat die Kammer zu den offenen Ausbildungsstellen nicht, da diese nicht meldepflichtig sind. Zu den abgeschlossenen Ausbildungsvertr\u00e4gen dagegen schon. Zum Ausbildungsstart 2025 beginnen demnach 3446 junge Menschen eine Lehre im Handwerk. Im Vergleich zum Vorjahr ist das in der Region Stuttgart ein R\u00fcckgang um 4,1 Prozent. Ein negativer Trend, \u00fcber den sich Friedrich \u00e4rgert, denn die Betriebe h\u00e4tten viel getan, um junge Leute f\u00fcrs Handwerk zu begeistern.<\/p>\n<p>Fast jeder f\u00fcnfte Azubi hat eine Hochschulreife <\/p>\n<p> Einen Lichtblick gibt es allerdings: Etwa jeder f\u00fcnfte Azubi hat Abitur oder Fachhochulreife, deren Zahl ist um 16,3 Prozent gestiegen. \u201eUnsere Aktivit\u00e4ten, an Gymnasien \u00fcber das Handwerk zu informieren, zeigen Wirkung\u201c, sagte Friedrich.<\/p>\n<p>Mit den r\u00fcckl\u00e4ufigen Ausbildungszahlen steht das Handwerk nicht allein da, auch die Industrie- und Handelskammer Region Stuttgart verzeichnet mit 8151 Ausbildungsvertr\u00e4gen in diesem Jahr einen R\u00fcckgang um rund vier Prozent. \u201eDie konjunkturelle Schw\u00e4che kommt im Ausbildungsmarkt an\u201c, sagte Friedrich. Auch die schlechte Stimmung in der Baubranche oder in der Autoindustrie verunsichere Bewerber und Bewerberinnen. Die Krise in der Autoindustrie etwa schlage auf das Kfz-Gewerbe durch, weil die Industrie mit dem Handwerk in einen Topf geworfen werde. \u201eViele junge Menschen entscheiden sich gegen die Branche, dabei l\u00e4uft das Gesch\u00e4ft in den Kfz-Werkst\u00e4tten gut\u201c, wei\u00df der Hauptgesch\u00e4ftsf\u00fchrer der Handwerkskammer. <\/p>\n<p>Die Stimmung beeinflusse das Berufswahlverhalten. W\u00e4hrend sich im vergangenen Jahr noch 523 junge Leute f\u00fcr eine Ausbildung als Kraftfahrzeugmeachtroniker\/in entschieden haben, waren es in diesem Jahr nur 465, auch wenn dies immer noch der beliebteste Ausbildungsberuf im Handwerk ist. F\u00fcr Anlagenmechaniker\/in f\u00fcr Sanit\u00e4r-, Heizungs- und Klimatechnik sind es in diesem Jahr mit 390 <a href=\"https:\/\/www.stuttgarter-zeitung.de\/thema\/Azubis\" title=\"Azubis\" class=\"art_thema\" rel=\"nofollow noopener\" target=\"_blank\">Azubis<\/a> ebenfalls deutlich weniger als 2024 mit 419 Auszubildenden.<\/p>\n<p>Auch das \u201eschnelle Geld\u201c h\u00e4lt viele junge Leute von einer Ausbildung ab. Sie machen lieber einen Mindestlohnjob und wollen direkt nach der Schule Geld verdienen \u2013 ohne Lehre, wie auch eine Studie der Bertelsmann-Stiftung zeigt. \u201eOhne beruflichen Abschluss steigt aber das Risiko langfristiger Arbeitslosigkeit\u201c, warnte Friedrich. <\/p>\n<p>   <img decoding=\"async\" loading=\"lazy\" src=\"https:\/\/www.europesays.com\/de\/wp-content\/uploads\/2025\/09\/media.media.c86fbcb5-e805-40b8-baba-1bfbfbd01e0b.original1024.media.jpeg\"\/>     Was Lehrlinge im Handwerk verdienen       <\/p>\n<p>Er empfiehlt jungen Leuten, <a href=\"https:\/\/www.stuttgarter-zeitung.de\/inhalt.informationsbedarf-studie-firmen-informieren-vor-ausbildung-zu-wenig.37456c58-fce6-44b6-b7a3-d910d44af762.html\" target=\"_blank\" rel=\"nofollow noopener\">Ber\u00fchrungs\u00e4ngste zu \u00fcberwinden und auszuprobieren, welcher Beruf zu einem passe<\/a> \u2013 etwa durch Praktika oder den Tag des Handwerks. Er verwies auch auf das Pilotprojekt \u201eFreiwilliges Berufsorientierungsjahr\u201c, das im Landkreis B\u00f6blingen gestartet ist. Junge Leute k\u00f6nnen dabei durch Langzeitpraktika Einblicke in verschiedene Handwerksberufe gewinnen.<\/p>\n<p>Viel verspricht sich Friedrich auch von der gro\u00dfen Nachvermittlungsaktion am 17. September 2025, die von der Handwerkskammer, der Arbeitsagentur Stuttgart und der IHK Region Stuttgart gemeinsam veranstaltet wird, um noch weitere Auszubildende zu gewinnen. \u201eIch gehe davon aus, dass es im September und Oktober noch eine Reihe von Ausbildungsvertr\u00e4gen geben wird\u201c, sagte er, so dass man am Ende des Jahres doch noch \u201enull auf null\u201c rauskommen k\u00f6nne.<\/p>\n<p> \u201eUkrainer kommen im Ausbildungsmarkt an\u201c <\/p>\n<p>Der R\u00fcckgang bei den Ausbildungspl\u00e4tzen im Kammerbezirk verteilt sich auf die einzelnen Kreise sehr unterschiedlich. Mit einem Zuwachs ist der Landkreis B\u00f6blingen eine Ausnahme. Im Stadtkreis Stuttgart gibt es im Handwerk 622 Ausbildungsverh\u00e4ltnisse (minus 10,4 Prozent), im Landkreis B\u00f6blingen 484 (plus 2,3 Prozent), Esslingen 646 (minus 5,7 Prozent), G\u00f6ppingen 383 (minus 7,9 Prozent), Ludwigsburg 661 (minus 0,3) und Rems-Murr 650 (minus 2,1 Prozent).<\/p>\n<p>Bei der Berufswahl haben sich in diesem Jahr wieder deutlich mehr junge Leute f\u00fcr Friseur\/in (239 nach 216 im Vorjahr), Maler\/in und Lackierer\/in (191 nach 159 im Vorjahr) und Fachverk\u00e4ufer\/in im Lebensmittelhandwerk (131 nach 119 im Vorjahr) entschieden. Auch Ukrainer waren 2025 erstmals eine relevante Gr\u00f6\u00dfe am Ausbildungsmarkt und k\u00e4men nach ihrem Schulabschluss jetzt im Handwerk an. Die Zahl ukrainischer Azubis im Handwerk hat sich auf 84 mehr als verdoppelt.<\/p>\n","protected":false},"excerpt":{"rendered":"Zum Start ins neue Ausbildungsjahr Anfang September gibt es im Handwerk in der Region Stuttgart noch viele freie&hellip;\n","protected":false},"author":2,"featured_media":392539,"comment_status":"","ping_status":"","sticky":false,"template":"","format":"standard","meta":{"footnotes":""},"categories":[1830],"tags":[30837,40532,73395,1634,3364,29,30,617,6597,23597,1441,85897],"class_list":{"0":"post-392538","1":"post","2":"type-post","3":"status-publish","4":"format-standard","5":"has-post-thumbnail","7":"category-stuttgart","8":"tag-azubis","9":"tag-ausbildungsjahr","10":"tag-ausbildungsvertraege","11":"tag-baden-wuerttemberg","12":"tag-de","13":"tag-deutschland","14":"tag-germany","15":"tag-handwerk","16":"tag-infografik","17":"tag-region-stuttgart","18":"tag-stuttgart","19":"tag-textmanager"},"share_on_mastodon":{"url":"https:\/\/pubeurope.com\/@de\/115138033868916043","error":""},"_links":{"self":[{"href":"https:\/\/www.europesays.com\/de\/wp-json\/wp\/v2\/posts\/392538","targetHints":{"allow":["GET"]}}],"collection":[{"href":"https:\/\/www.europesays.com\/de\/wp-json\/wp\/v2\/posts"}],"about":[{"href":"https:\/\/www.europesays.com\/de\/wp-json\/wp\/v2\/types\/post"}],"author":[{"embeddable":true,"href":"https:\/\/www.europesays.com\/de\/wp-json\/wp\/v2\/users\/2"}],"replies":[{"embeddable":true,"href":"https:\/\/www.europesays.com\/de\/wp-json\/wp\/v2\/comments?post=392538"}],"version-history":[{"count":0,"href":"https:\/\/www.europesays.com\/de\/wp-json\/wp\/v2\/posts\/392538\/revisions"}],"wp:featuredmedia":[{"embeddable":true,"href":"https:\/\/www.europesays.com\/de\/wp-json\/wp\/v2\/media\/392539"}],"wp:attachment":[{"href":"https:\/\/www.europesays.com\/de\/wp-json\/wp\/v2\/media?parent=392538"}],"wp:term":[{"taxonomy":"category","embeddable":true,"href":"https:\/\/www.europesays.com\/de\/wp-json\/wp\/v2\/categories?post=392538"},{"taxonomy":"post_tag","embeddable":true,"href":"https:\/\/www.europesays.com\/de\/wp-json\/wp\/v2\/tags?post=392538"}],"curies":[{"name":"wp","href":"https:\/\/api.w.org\/{rel}","templated":true}]}}