{"id":392877,"date":"2025-09-03T05:47:14","date_gmt":"2025-09-03T05:47:14","guid":{"rendered":"https:\/\/www.europesays.com\/de\/392877\/"},"modified":"2025-09-03T05:47:14","modified_gmt":"2025-09-03T05:47:14","slug":"a215-festgefahrene-schwertransporte-sind-frei","status":"publish","type":"post","link":"https:\/\/www.europesays.com\/de\/392877\/","title":{"rendered":"A215: Festgefahrene Schwertransporte sind frei"},"content":{"rendered":"<p>        <img decoding=\"async\" src=\"https:\/\/www.europesays.com\/de\/wp-content\/uploads\/2025\/09\/schwertransport-104.webp\" alt=\"Ein Schwetransport, beladen mit Windradfl\u00fcgeln, f\u00e4hrt \u00fcber die Autobahn bei Kiel.\" title=\"Ein Schwetransport, beladen mit Windradfl\u00fcgeln, f\u00e4hrt \u00fcber die Autobahn bei Kiel. | Daniel Friederichs\" class=\"responsive\"\/><\/p>\n<p>AUDIO: Schwerlasttransport auf A215 wird fortgesetzt (1 Min)<\/p>\n<p>\n            Stand: 03.09.2025 07:34 Uhr<\/p>\n<p class=\"preface\">Seit Freitag stand ein offensichtlich falsch abgebogener Konvoi von drei Schwertransporten auf der A215. In der Nacht zu Mittwoch ging es nun weiter.<\/p>\n<p class=\"\">\nDie festgefahrenen Schwertransporte, die auf der A215 Richtung <a href=\"https:\/\/www.ndr.de\/nachrichten\/schleswig-holstein\/Kiel-Aktuelle-Nachrichten-News-und-Videos,kiel7262.html\" title=\"Kiel - Aktuelle Nachrichten und Videos\" rel=\"nofollow noopener\" target=\"_blank\">Kiel<\/a> standen, sind in der Nacht zu Mittwoch wieder frei gekommen. Daf\u00fcr wurden im Bereich des Holstein-Stadions Teile der B76 und B503 voll gesperrt, die Transporter mussten zum Teil r\u00fcckw\u00e4rts fahren. Der Konvoi fuhr danach \u00fcber die A215 und A7 zu einem Windpark in Gnutz-Timmaspe (<a href=\"https:\/\/www.ndr.de\/nachrichten\/schleswig-holstein\/Kreis-Rendsburg-Eckernfoerde-Aktuelle-Nachrichten-und-Videos,rendsburgeckernfoerde118.html\" title=\"Kreis Rendsburg-Eckernf\u00f6rde - Aktuelle Nachrichten und Videos\" rel=\"nofollow noopener\" target=\"_blank\">Kreis Rendsburg-Eckernf\u00f6rde<\/a>). Seit Freitag standen die Riesen-Transporter auf einem Standstreifen der Autobahn in H\u00f6he Kreuz Kiel-West. Geladen hatten sie je einem gro\u00dfen Windradfl\u00fcgel.<\/p>\n<p>    Kurve zu eng<\/p>\n<p class=\"\">\nFestgefahren hatten sie sich, weil die Kurve, um am Kreuz Kiel-West auf die A210 zu gelangen, zu eng f\u00fcr die langen Fahrzeuge war. Diese Ausfahrt war aber offenbar gar nicht geplant gewesen. Der Konvoi h\u00e4tte, laut Polizei, eigentlich die A7 bis zum Rendsburger Kreuz fahren sollen, dort auf die A210 Richtung Kiel, dann auf die A215 bis Bordesholm und schlie\u00dflich \u00fcber die A7 zur Ausfahrt NMS-Nord, um zum B\u00fcrgerwindpark Gnutz-Timmaspe zu gelangen. <a href=\"https:\/\/www.ndr.de\/nachrichten\/schleswig-holstein\/naechtliche-sperrungen-der-a7-bei-neumuenster,regionkielnews-452.html\" title=\"N\u00e4chtliche Sperrungen der A7 bei Neum\u00fcnster\" rel=\"nofollow noopener\" target=\"_blank\">So w\u00e4re der Transport wohl reibungslos gelaufen<\/a>. Warum die Lkw am Bordesholmer Dreieck falsch auf die A215 abgebogen sind, dazu k\u00f6nnen Autobahn GmbH und Polizei nichts sagen &#8211; und die Spedition gibt keine Auskunft.\u00a0<\/p>\n<p class=\"\">\nDas Resultat: Alle drei Transporter blieben auf dem Standstreifen stehen. Der Standstreifen und die rechte Fahrbahn waren deshalb gesperrt, zeitweise bildeten sich Staus.<\/p>\n<p>    Spediteur tr\u00e4gt Risiko bei Transport<\/p>\n<p class=\"\">\nZu Verz\u00f6gerungen beim Bau kommt es laut Dirk Delfs vom B\u00fcrgerwindpark Gnutz Timmaspe nicht, weil die Montage ohnehin erst in knapp zwei Wochen starten soll. F\u00fcr den Windpark entstehen nach seinen Worten keine Mehrkosten, denn das Risiko beim Transport liegt durch den erteilten Auftrag allein beim Spediteur.\u00a0<\/p>\n<p>        <img decoding=\"async\" src=\"https:\/\/www.europesays.com\/de\/wp-content\/uploads\/2025\/08\/zug526.webp\" alt=\"&quot;Zug f\u00e4llt aus&quot; steht auf einer Anzeigetafel im Hauptbahnhof.\" title=\"Auf der Marschbahnstrecke zwischen Heide und Husum ist aktuell der Zugverkehr ausgefallen. Grund ist der Schaden an einer Klappbr\u00fccke.  | picture alliance\/dpa | Stefan Sauer, Stefan Sauer\" class=\"responsive\" loading=\"lazy\"\/><\/p>\n<p>Bei der Nordbahn und der DB fallen in SH einige Z\u00fcge aus. Die Fahrplan\u00e4nderungen und der Schienenersatzverkehr im \u00dcberblick.<\/p>\n<p>Nachrichten und Hintergr\u00fcnde zum Thema A7 bei NDR.de.<\/p>\n<p>Dieses Thema im Programm:<\/p>\n<p>                NDR 1 Welle Nord | Nachrichten f\u00fcr Schleswig-Holstein | 01.09.2025 | 16:30 Uhr<\/p>\n","protected":false},"excerpt":{"rendered":"AUDIO: Schwerlasttransport auf A215 wird fortgesetzt (1 Min) Stand: 03.09.2025 07:34 Uhr Seit Freitag stand ein offensichtlich falsch&hellip;\n","protected":false},"author":2,"featured_media":392878,"comment_status":"","ping_status":"","sticky":false,"template":"","format":"standard","meta":{"footnotes":"","_share_on_mastodon":"0"},"categories":[5],"tags":[104483,26919,5543,46076,13,4949,70581,14,15,121,12,104482,2224,10,8,9,11,3603,1284,1766,11718],"class_list":["post-392877","post","type-post","status-publish","format-standard","has-post-thumbnail","category-nachrichten","tag-a210","tag-a215","tag-autobahn","tag-fluegel","tag-headlines","tag-kiel","tag-kiel-und-umgebung","tag-nachrichten","tag-news","tag-polizei","tag-schlagzeilen","tag-schwerlast","tag-sperrung","tag-top-news","tag-top-meldungen","tag-topmeldungen","tag-topnews","tag-transporter","tag-unfall","tag-windkraft","tag-windrad"],"share_on_mastodon":{"url":"https:\/\/pubeurope.com\/@de\/115138792384580944","error":""},"_links":{"self":[{"href":"https:\/\/www.europesays.com\/de\/wp-json\/wp\/v2\/posts\/392877","targetHints":{"allow":["GET"]}}],"collection":[{"href":"https:\/\/www.europesays.com\/de\/wp-json\/wp\/v2\/posts"}],"about":[{"href":"https:\/\/www.europesays.com\/de\/wp-json\/wp\/v2\/types\/post"}],"author":[{"embeddable":true,"href":"https:\/\/www.europesays.com\/de\/wp-json\/wp\/v2\/users\/2"}],"replies":[{"embeddable":true,"href":"https:\/\/www.europesays.com\/de\/wp-json\/wp\/v2\/comments?post=392877"}],"version-history":[{"count":0,"href":"https:\/\/www.europesays.com\/de\/wp-json\/wp\/v2\/posts\/392877\/revisions"}],"wp:featuredmedia":[{"embeddable":true,"href":"https:\/\/www.europesays.com\/de\/wp-json\/wp\/v2\/media\/392878"}],"wp:attachment":[{"href":"https:\/\/www.europesays.com\/de\/wp-json\/wp\/v2\/media?parent=392877"}],"wp:term":[{"taxonomy":"category","embeddable":true,"href":"https:\/\/www.europesays.com\/de\/wp-json\/wp\/v2\/categories?post=392877"},{"taxonomy":"post_tag","embeddable":true,"href":"https:\/\/www.europesays.com\/de\/wp-json\/wp\/v2\/tags?post=392877"}],"curies":[{"name":"wp","href":"https:\/\/api.w.org\/{rel}","templated":true}]}}