{"id":393809,"date":"2025-09-03T14:14:10","date_gmt":"2025-09-03T14:14:10","guid":{"rendered":"https:\/\/www.europesays.com\/de\/393809\/"},"modified":"2025-09-03T14:14:10","modified_gmt":"2025-09-03T14:14:10","slug":"russland-reagiert-auf-trumps-warnung-vor-einer-verschwoerung-gegen-die-usa","status":"publish","type":"post","link":"https:\/\/www.europesays.com\/de\/393809\/","title":{"rendered":"Russland reagiert auf Trumps Warnung vor einer \u201eVerschw\u00f6rung gegen die USA\u201c"},"content":{"rendered":"<ol class=\"id-DonaldBreadcrumb lp_west_breadcrumb id-DonaldBreadcrumb--default\" data-k5a-pos=\"west_breadcrumb\">\n<li class=\"id-Breadcrumb-item\"><a href=\"https:\/\/www.merkur.de\/\" class=\"id-Breadcrumb-link\" data-id-ec=\"{\" shn=\"\" textlink=\"\" data-k5a-pos=\"1_startseite\" rel=\"nofollow noopener\" target=\"_blank\">Startseite<\/a><\/li>\n<li class=\"id-Breadcrumb-item\"><a href=\"https:\/\/www.merkur.de\/politik\/\" class=\"id-Breadcrumb-link\" data-id-ec=\"{\" shn=\"\" textlink=\"\" data-k5a-pos=\"2_politik\" rel=\"nofollow noopener\" target=\"_blank\">Politik<\/a><\/li>\n<\/ol>\n<p class=\"id-Story-timestamp id-Story-timestamp--default\">Stand: 03.09.2025, 16:00 Uhr<\/p>\n<p class=\"id-Story-interactionBar id-Story-interactionBar--default\">DruckenTeilen<\/p>\n<p><img decoding=\"async\" class=\"id-RatioPlaceholder-element wv_story_el_image\" src=\"https:\/\/www.europesays.com\/de\/wp-content\/uploads\/2025\/09\/39175797-ukraine-krieg-putin-aeussert-sich-zu-moeglichen-verhandlungen-neue-drohung-von-trump-2vutZ1.jpeg\" loading=\"eager\" fetchpriority=\"high\"   height=\"619\" width=\"1100\" alt=\"Ukraine-Krieg: Wladimir Putin (r.) will ein Ultimatum von US-Pr&#xE4;sident Trump wohl verstreichen lassen. \"\/>Trump behauptet, Russland plane mit China und Nordkorea gegen die USA. Der Kreml sieht das anders. \u00a9\u00a0Imago<\/p>\n<p class=\"id-StoryElement-leadText\">Der Kreml weist Trumps Behauptung zur\u00fcck, dass Russland mit China und Nordkorea gegen die USA \u201ekonspiriert\u201c, und \u00e4u\u00dfert die Hoffnung, dass die Bemerkung ironisch gemeint war.<\/p>\n<p class=\"id-StoryElement-paragraph\">Der Kreml hat die Behauptung von Pr\u00e4sident Donald Trump zur\u00fcckgewiesen, dass Russland gemeinsam mit China und Nordkorea gegen die USA \u201everschw\u00f6ren\u201c w\u00fcrde. Juri Uschakow, ein Berater des russischen Pr\u00e4sidenten Wladimir Putin, sagte, Trump habe m\u00f6glicherweise ironisch gesprochen, als er behauptete, Putin, Xi Jinping und Kim Jong Un w\u00fcrden w\u00e4hrend einer gro\u00dfen Milit\u00e4rparade in Peking anl\u00e4sslich des 80. Jahrestages des Endes des Zweiten Weltkriegs eine Verschw\u00f6rung gegen Amerika schmieden.<\/p>\n<p>Kreml dementiert Trumps Verschw\u00f6rungsvorw\u00fcrfe<\/p>\n<p class=\"id-StoryElement-paragraph\">\u201eIch m\u00f6chte sagen, dass niemand etwas [gegen die USA] plante, niemand war mit irgendetwas besch\u00e4ftigt, keine Verschw\u00f6rungen. Im Gegenteil, niemand hatte so etwas auch nur im Sinn, keiner dieser drei Staatschefs [der Russischen F\u00f6deration, Chinas und der DVRK] hat daran gedacht\u201c, so Uschakow laut der russischen staatlichen Nachrichtenagentur TASS.<\/p>\n<p class=\"id-StoryElement-paragraph\">\u201eAu\u00dferdem kann ich sagen, dass jeder die Rolle versteht, die die Vereinigten Staaten, die derzeitige Regierung von Pr\u00e4sident Trump und Pr\u00e4sident Trump pers\u00f6nlich in der aktuellen internationalen Situation spielen\u201c, sagte er. (Dieser Artikel entstand in Kooperation mit <a href=\"https:\/\/www.newsweek.com\/\" rel=\"nofollow noopener\" target=\"_blank\" class=\"id-import-Link id-pageApi-Link--externalDomain\" data-id-ec=\"{&quot;sht&quot;:&quot;Container&quot;,&quot;shn&quot;:&quot;Story&quot;,&quot;p&quot;:{&quot;containerType&quot;:&quot;Paragraph&quot;,&quot;displayType&quot;:&quot;Paragraph InlineLink&quot;,&quot;type&quot;:&quot;INLINE_LINK&quot;,&quot;value&quot;:&quot;newsweek.com&quot;,&quot;variant&quot;:&quot;standardLink&quot;,&quot;sponsored&quot;:false,&quot;linkHref&quot;:&quot;https:\/\/www.newsweek.com\/&quot;,&quot;storyElementPosition&quot;:13,&quot;storyElementCount&quot;:13}}\">newsweek.com<\/a>)<\/p>\n","protected":false},"excerpt":{"rendered":"Startseite Politik Stand: 03.09.2025, 16:00 Uhr DruckenTeilen Trump behauptet, Russland plane mit China und Nordkorea gegen die USA.&hellip;\n","protected":false},"author":2,"featured_media":393810,"comment_status":"","ping_status":"","sticky":false,"template":"","format":"standard","meta":{"footnotes":""},"categories":[4013],"tags":[331,332,13,14,15,4043,4044,850,307,12],"class_list":{"0":"post-393809","1":"post","2":"type-post","3":"status-publish","4":"format-standard","5":"has-post-thumbnail","7":"category-russland","8":"tag-aktuelle-nachrichten","9":"tag-aktuelle-news","10":"tag-headlines","11":"tag-nachrichten","12":"tag-news","13":"tag-russia","14":"tag-russian-federation","15":"tag-russische-foederation","16":"tag-russland","17":"tag-schlagzeilen"},"share_on_mastodon":{"url":"https:\/\/pubeurope.com\/@de\/115140786110585909","error":""},"_links":{"self":[{"href":"https:\/\/www.europesays.com\/de\/wp-json\/wp\/v2\/posts\/393809","targetHints":{"allow":["GET"]}}],"collection":[{"href":"https:\/\/www.europesays.com\/de\/wp-json\/wp\/v2\/posts"}],"about":[{"href":"https:\/\/www.europesays.com\/de\/wp-json\/wp\/v2\/types\/post"}],"author":[{"embeddable":true,"href":"https:\/\/www.europesays.com\/de\/wp-json\/wp\/v2\/users\/2"}],"replies":[{"embeddable":true,"href":"https:\/\/www.europesays.com\/de\/wp-json\/wp\/v2\/comments?post=393809"}],"version-history":[{"count":0,"href":"https:\/\/www.europesays.com\/de\/wp-json\/wp\/v2\/posts\/393809\/revisions"}],"wp:featuredmedia":[{"embeddable":true,"href":"https:\/\/www.europesays.com\/de\/wp-json\/wp\/v2\/media\/393810"}],"wp:attachment":[{"href":"https:\/\/www.europesays.com\/de\/wp-json\/wp\/v2\/media?parent=393809"}],"wp:term":[{"taxonomy":"category","embeddable":true,"href":"https:\/\/www.europesays.com\/de\/wp-json\/wp\/v2\/categories?post=393809"},{"taxonomy":"post_tag","embeddable":true,"href":"https:\/\/www.europesays.com\/de\/wp-json\/wp\/v2\/tags?post=393809"}],"curies":[{"name":"wp","href":"https:\/\/api.w.org\/{rel}","templated":true}]}}