{"id":394163,"date":"2025-09-03T17:23:10","date_gmt":"2025-09-03T17:23:10","guid":{"rendered":"https:\/\/www.europesays.com\/de\/394163\/"},"modified":"2025-09-03T17:23:10","modified_gmt":"2025-09-03T17:23:10","slug":"neues-messe-video-ist-komplett-mit-ki-erstellt","status":"publish","type":"post","link":"https:\/\/www.europesays.com\/de\/394163\/","title":{"rendered":"Neues Messe-Video ist komplett mit KI erstellt"},"content":{"rendered":"<p class=\"text_ohne_einzug richtext text-em-55 !leading-serif mx-6 desktop:mx-0\">Die <a href=\"https:\/\/rp-online.de\/thema\/messe-duesseldorf\/\" target=\"_blank\" rel=\"noopener\">Messe D\u00fcsseldorf<\/a> arbeitet mit Hochdruck daran, den Auftakterfolg der Xponential Europe im kommenden M\u00e4rz nicht nur zu best\u00e4tigen, sondern auszubauen. Die neue Fachmesse bietet der Branche der autonomen Technologien und Robotik eine Plattform, die Wehrtechnik kommt nun nach Zustimmung des Aufsichtsrats hinzu. Messechef Wolfram Diener freut sich \u00fcber Unterst\u00fctzung aus der NRW-Staatskanzlei, das Land plant auch einen Stand auf der Messe. Eine st\u00e4rkere internationale Beteiligung ist absehbar, etwa aus Israel und Taiwan, auch gibt es ein deutsch-britisches Symposium. Die Ausstellerkampagne f\u00fcr die Xponential l\u00e4uft, daf\u00fcr wurde jetzt das erste komplett KI-generierte Video der Messe vorgestellt.<\/p>\n","protected":false},"excerpt":{"rendered":"Die Messe D\u00fcsseldorf arbeitet mit Hochdruck daran, den Auftakterfolg der Xponential Europe im kommenden M\u00e4rz nicht nur zu&hellip;\n","protected":false},"author":2,"featured_media":394164,"comment_status":"","ping_status":"","sticky":false,"template":"","format":"standard","meta":{"footnotes":""},"categories":[1831],"tags":[3364,29,3405,30,1209,105566],"class_list":{"0":"post-394163","1":"post","2":"type-post","3":"status-publish","4":"format-standard","5":"has-post-thumbnail","7":"category-duesseldorf","8":"tag-de","9":"tag-deutschland","10":"tag-duesseldorf","11":"tag-germany","12":"tag-nordrhein-westfalen","13":"tag-xponential"},"share_on_mastodon":{"url":"https:\/\/pubeurope.com\/@de\/115141529036927550","error":""},"_links":{"self":[{"href":"https:\/\/www.europesays.com\/de\/wp-json\/wp\/v2\/posts\/394163","targetHints":{"allow":["GET"]}}],"collection":[{"href":"https:\/\/www.europesays.com\/de\/wp-json\/wp\/v2\/posts"}],"about":[{"href":"https:\/\/www.europesays.com\/de\/wp-json\/wp\/v2\/types\/post"}],"author":[{"embeddable":true,"href":"https:\/\/www.europesays.com\/de\/wp-json\/wp\/v2\/users\/2"}],"replies":[{"embeddable":true,"href":"https:\/\/www.europesays.com\/de\/wp-json\/wp\/v2\/comments?post=394163"}],"version-history":[{"count":0,"href":"https:\/\/www.europesays.com\/de\/wp-json\/wp\/v2\/posts\/394163\/revisions"}],"wp:featuredmedia":[{"embeddable":true,"href":"https:\/\/www.europesays.com\/de\/wp-json\/wp\/v2\/media\/394164"}],"wp:attachment":[{"href":"https:\/\/www.europesays.com\/de\/wp-json\/wp\/v2\/media?parent=394163"}],"wp:term":[{"taxonomy":"category","embeddable":true,"href":"https:\/\/www.europesays.com\/de\/wp-json\/wp\/v2\/categories?post=394163"},{"taxonomy":"post_tag","embeddable":true,"href":"https:\/\/www.europesays.com\/de\/wp-json\/wp\/v2\/tags?post=394163"}],"curies":[{"name":"wp","href":"https:\/\/api.w.org\/{rel}","templated":true}]}}