{"id":394278,"date":"2025-09-03T18:24:12","date_gmt":"2025-09-03T18:24:12","guid":{"rendered":"https:\/\/www.europesays.com\/de\/394278\/"},"modified":"2025-09-03T18:24:12","modified_gmt":"2025-09-03T18:24:12","slug":"kanada-warnt-vor-terror-risiko-in-deutschland-politik","status":"publish","type":"post","link":"https:\/\/www.europesays.com\/de\/394278\/","title":{"rendered":"Kanada warnt vor Terror-Risiko in Deutschland | Politik"},"content":{"rendered":"<p>Ottawa\/Berlin \u2014 <b>Kanada stellt Deutschland in eine Reihe mit Simbabwe! In den offiziellen Reisehinweisen warnt die Regierung in Ottawa ihre B\u00fcrger vor einem hohen Terror-Risiko in der Bundesrepublik \u2013 und setzt uns damit auf dieselbe Gefahrenstufe wie Staaten, in denen Homosexualit\u00e4t unter Strafe steht und Menschenrechte mit F\u00fc\u00dfen getreten werden.<\/b><\/p>\n<p>\u25b6\ufe0e In den offiziellen Reisehinweisen warnt Ottawa vor einem hohen Terror-Risiko in der Bundesrepublik. Laut dem Hinweis \u201ebesteht die Gefahr von Terrorismus in Europa. Terroristen haben in mehreren europ\u00e4ischen St\u00e4dten Anschl\u00e4ge ver\u00fcbt. In den vergangenen Jahren gab es auch in Deutschland Anschl\u00e4ge mit vielen Verletzten und Toten. Weitere Attacken sind wahrscheinlich\u201c.<\/p>\n<p>Mehr zum Thema<\/p>\n<p><b>Doch damit nicht genug: Kanada weist auch auf Gewalt durch Rechtsextreme hin. Verbrechen gegen Angeh\u00f6rige von ethnischen, religi\u00f6sen oder politischen Minderheiten k\u00e4men vor, hei\u00dft es. Touristen seien zwar nicht direkt Zielscheibe, k\u00f6nnten sich aber \u201ezur falschen Zeit am falschen Ort\u201c befinden. Messerattacken oder Auto-Anschl\u00e4ge h\u00e4tten sich in belebten Einkaufsvierteln und an Verkehrsknotenpunkten ereignet.<\/b><\/p>\n<p>Damit stuft Kanada Deutschland faktisch auf dieselbe Gefahrenstufe ein wie Simbabwe \u2013 ein Land, das zwar eine Verfassung und Wahlen hat, in der Praxis aber autorit\u00e4r regiert wird. Seit 1980 h\u00e4lt die ZANU-PF-Partei die Macht, zun\u00e4chst unter Robert Mugabe (\u20202019), seit 2017 unter Emmerson Mnangagwa (82). Wahlen gelten als manipuliert, Opposition und Medien werden unterdr\u00fcckt, Gewaltenteilung existiert nur auf dem Papier. LGBTQ-Rechte sind kriminalisiert.<\/p>\n<p><img decoding=\"async\" width=\"992\" height=\"558\" alt=\"Mnangagwa: Simbabwes Machthaber sitzt beim Schurken-Gipfel in Peking mit am Tisch\" src=\"https:\/\/www.europesays.com\/de\/wp-content\/uploads\/2025\/09\/21eec43e36a55675a9612908d4f81d48,93f6638f\"   class=\"landscape\" loading=\"lazy\"\/><\/p>\n<p class=\"fig__caption__text\">Simbabwe-Machthaber Mnangagwa bereits beim Schurken-Gipfel in Peking<\/p>\n<p>Foto: AP<\/p>\n<p>\u25b6\ufe0e <b>Brisant:<\/b> Auch die USA und Australien schlossen sich den Warnungen fast zeitgleich an. Neben Deutschland werden unter anderem Italien, Frankreich, Spanien und Gro\u00dfbritannien auf die Risikoliste gesetzt.<\/p>\n<p><b>Die Botschaft aus \u00dcbersee ist eindeutig: Europa gilt den westlichen Partnern als Risiko f\u00fcr Terrorismus. <\/b><\/p>\n","protected":false},"excerpt":{"rendered":"Ottawa\/Berlin \u2014 Kanada stellt Deutschland in eine Reihe mit Simbabwe! In den offiziellen Reisehinweisen warnt die Regierung in&hellip;\n","protected":false},"author":2,"featured_media":394279,"comment_status":"","ping_status":"","sticky":false,"template":"","format":"standard","meta":{"footnotes":""},"categories":[2],"tags":[331,3924,332,3922,3364,105580,29,30,13,36002,14,3923,15,3921,12,10037,2544,45],"class_list":{"0":"post-394278","1":"post","2":"type-post","3":"status-publish","4":"format-standard","5":"has-post-thumbnail","7":"category-deutschland","8":"tag-aktuelle-nachrichten","9":"tag-aktuelle-nachrichten-aus-deutschland","10":"tag-aktuelle-news","11":"tag-aktuelle-news-aus-deutschland","12":"tag-de","13":"tag-de-maiziere-thomas","14":"tag-deutschland","15":"tag-germany","16":"tag-headlines","17":"tag-isis","18":"tag-nachrichten","19":"tag-nachrichten-aus-deutschland","20":"tag-news","21":"tag-news-aus-deutschland","22":"tag-schlagzeilen","23":"tag-terroranschlag","24":"tag-terrorismus","25":"tag-texttospeech"},"share_on_mastodon":{"url":"https:\/\/pubeurope.com\/@de\/115141768982275153","error":""},"_links":{"self":[{"href":"https:\/\/www.europesays.com\/de\/wp-json\/wp\/v2\/posts\/394278","targetHints":{"allow":["GET"]}}],"collection":[{"href":"https:\/\/www.europesays.com\/de\/wp-json\/wp\/v2\/posts"}],"about":[{"href":"https:\/\/www.europesays.com\/de\/wp-json\/wp\/v2\/types\/post"}],"author":[{"embeddable":true,"href":"https:\/\/www.europesays.com\/de\/wp-json\/wp\/v2\/users\/2"}],"replies":[{"embeddable":true,"href":"https:\/\/www.europesays.com\/de\/wp-json\/wp\/v2\/comments?post=394278"}],"version-history":[{"count":0,"href":"https:\/\/www.europesays.com\/de\/wp-json\/wp\/v2\/posts\/394278\/revisions"}],"wp:featuredmedia":[{"embeddable":true,"href":"https:\/\/www.europesays.com\/de\/wp-json\/wp\/v2\/media\/394279"}],"wp:attachment":[{"href":"https:\/\/www.europesays.com\/de\/wp-json\/wp\/v2\/media?parent=394278"}],"wp:term":[{"taxonomy":"category","embeddable":true,"href":"https:\/\/www.europesays.com\/de\/wp-json\/wp\/v2\/categories?post=394278"},{"taxonomy":"post_tag","embeddable":true,"href":"https:\/\/www.europesays.com\/de\/wp-json\/wp\/v2\/tags?post=394278"}],"curies":[{"name":"wp","href":"https:\/\/api.w.org\/{rel}","templated":true}]}}