{"id":394356,"date":"2025-09-03T19:04:17","date_gmt":"2025-09-03T19:04:17","guid":{"rendered":"https:\/\/www.europesays.com\/de\/394356\/"},"modified":"2025-09-03T19:04:17","modified_gmt":"2025-09-03T19:04:17","slug":"diary-of-a-strange-land-erhaelt-anime-adaption-trailer","status":"publish","type":"post","link":"https:\/\/www.europesays.com\/de\/394356\/","title":{"rendered":"\u00bbDiary of a Strange Land\u00ab erh\u00e4lt Anime-Adaption + Trailer"},"content":{"rendered":"\n<p>Durch die Er\u00f6ffnung einer <a href=\"https:\/\/ikoku-anime.com\/\" rel=\"nofollow noopener\" target=\"_blank\">offiziellen Website<\/a> wurde heute <a href=\"https:\/\/ikoku-anime.com\/news\/\" rel=\"nofollow noopener\" target=\"_blank\">bekannt<\/a>, dass die Manga-Reihe \u00bbDiary of a Strange Land\u00ab (jap.: \u00bbIkoku Nikki\u00ab) eine Anime-Adaption erh\u00e4lt. Einen\u00a0ersten Trailer sowie ein Visual findet ihr weiter unten.<\/p>\n<p> Start im Januar 2026 <\/p>\n<p>\u00bbDiary of a Strange Land\u00ab entsteht unter der Regie von Miyuki Ooshiro (Key Animation bei \u00bbSkip and Loafer\u00ab) im Studio Shuka. Kouhei Kiyasu (\u00bbMy Home Hero\u00ab) verfasst das Drehbuch, w\u00e4hrend Kenji Hayama das Charakterdesign beisteuert.<\/p>\n<p>In den Hauptrollen sind Miyuki Sawashiro (Bishamon in \u00bbNoragami\u00ab) als Makio Koudai sowie Fuko Mori (Yuka Adachi in \u00bbShinkalion: Change the World\u00ab) als Asa Takumi zu h\u00f6ren. Die Drama-Serie startet im Januar 2026 im japanischen Fernsehen.<\/p>\n<p>Die gleichnamige originale Manga-Reihe aus der Feder von Tomoko Yamashita wurde von Juni 2017 bis Juni 2023 in elf B\u00e4nden in Japan ver\u00f6ffentlicht. Bislang ist das Werk weder mit deutscher noch mit englischer \u00dcbersetzung erh\u00e4ltlich.<\/p>\n<p> Mehr zum Thema:  Teaser:  Visual: <\/p>\n<p><img fetchpriority=\"high\" decoding=\"async\" class=\"aligncenter wp-image-932233\" src=\"https:\/\/www.europesays.com\/de\/wp-content\/uploads\/2025\/09\/Diary-of-a-Strange-Land-KV.jpeg\" alt=\"\" width=\"435\" height=\"615\"  \/><\/p>\n<p> Handlung: <\/p>\n<p>Die 35-j\u00e4hrige Autorin Makio Koudai nimmt nach dem Tod ihrer Schwester spontan ihre 15-j\u00e4hrige Nichte Asa bei sich auf. Am n\u00e4chsten Tag bereut sie es, da sie ungern Gesellschaft hat. Nun m\u00fcssen beide lernen, ihren Alltag zu teilen: Asa mit einer untypischen Erwachsenen und Makio mit einer Mitbewohnerin, die sie herausfordert.<\/p>\n<p>\u00a9 Tomoko Yamashita, Shodensha \/ Ikoku Nikki Production Committee<\/p>\n","protected":false},"excerpt":{"rendered":"Durch die Er\u00f6ffnung einer offiziellen Website wurde heute bekannt, dass die Manga-Reihe \u00bbDiary of a Strange Land\u00ab (jap.:&hellip;\n","protected":false},"author":2,"featured_media":394357,"comment_status":"","ping_status":"","sticky":false,"template":"","format":"standard","meta":{"footnotes":""},"categories":[1773],"tags":[29,214,30,471,1780,215],"class_list":{"0":"post-394356","1":"post","2":"type-post","3":"status-publish","4":"format-standard","5":"has-post-thumbnail","7":"category-serien","8":"tag-deutschland","9":"tag-entertainment","10":"tag-germany","11":"tag-serien","12":"tag-series","13":"tag-unterhaltung"},"share_on_mastodon":{"url":"https:\/\/pubeurope.com\/@de\/115141926404595193","error":""},"_links":{"self":[{"href":"https:\/\/www.europesays.com\/de\/wp-json\/wp\/v2\/posts\/394356","targetHints":{"allow":["GET"]}}],"collection":[{"href":"https:\/\/www.europesays.com\/de\/wp-json\/wp\/v2\/posts"}],"about":[{"href":"https:\/\/www.europesays.com\/de\/wp-json\/wp\/v2\/types\/post"}],"author":[{"embeddable":true,"href":"https:\/\/www.europesays.com\/de\/wp-json\/wp\/v2\/users\/2"}],"replies":[{"embeddable":true,"href":"https:\/\/www.europesays.com\/de\/wp-json\/wp\/v2\/comments?post=394356"}],"version-history":[{"count":0,"href":"https:\/\/www.europesays.com\/de\/wp-json\/wp\/v2\/posts\/394356\/revisions"}],"wp:featuredmedia":[{"embeddable":true,"href":"https:\/\/www.europesays.com\/de\/wp-json\/wp\/v2\/media\/394357"}],"wp:attachment":[{"href":"https:\/\/www.europesays.com\/de\/wp-json\/wp\/v2\/media?parent=394356"}],"wp:term":[{"taxonomy":"category","embeddable":true,"href":"https:\/\/www.europesays.com\/de\/wp-json\/wp\/v2\/categories?post=394356"},{"taxonomy":"post_tag","embeddable":true,"href":"https:\/\/www.europesays.com\/de\/wp-json\/wp\/v2\/tags?post=394356"}],"curies":[{"name":"wp","href":"https:\/\/api.w.org\/{rel}","templated":true}]}}