{"id":395105,"date":"2025-09-04T02:14:19","date_gmt":"2025-09-04T02:14:19","guid":{"rendered":"https:\/\/www.europesays.com\/de\/395105\/"},"modified":"2025-09-04T02:14:19","modified_gmt":"2025-09-04T02:14:19","slug":"afd-maximilian-krah-als-zeuge-im-spionageprozess-was-wusste-krah","status":"publish","type":"post","link":"https:\/\/www.europesays.com\/de\/395105\/","title":{"rendered":"AfD \u2013 Maximilian Krah als Zeuge im Spionageprozess: Was wusste Krah?"},"content":{"rendered":"<p class=\"text-18 leading-17\">Die Skandale passen zu Krahs politischer Einstellung. Er inszeniert sich gern china- und russlandfreundlich. Der Kommunistischen Partei gratulierte er zum Jubil\u00e4um in einem Video, Chinas Menschenrechtsverst\u00f6\u00dfe redet er konsequent klein. <a class=\"transition-colors duration-200 cursor-pointer text-inherit no-underline text-salemsfur md:hover:text-magenta md:hover:border-magenta md:focus:text-magenta border-current border-b border-solid break-words\" href=\"https:\/\/www.t-online.de\/nachrichten\/deutschland\/innenpolitik\/id_100418906\/afd-skandalpolitiker-maximilian-krah-der-brandbeschleuniger.html\" data-sctrack=\"BodyAnchor\" rel=\"nofollow noopener\" target=\"_blank\">Das bef\u00f6rderte auch in der AfD fr\u00fch gro\u00dfe Skepsis gegen Krah<\/a>: Der sei ausl\u00e4ndischen Regimen insgesamt viel zu zugewandt, so sehen es seine Kritiker.<\/p>\n<p class=\"text-18 leading-17\">Die Richter legen am Mittwoch in ihrer Befragung lange einen Fokus auf die Zeit, als sowohl Jian G. als auch Guillaume P. f\u00fcr Krah gearbeitet haben. Die Zeit also, in der beide Skandale ihren Ursprung haben: die Zeit ab 2019, als Krah gerade erstmals ins EU-Parlament gew\u00e4hlt worden war und sein B\u00fcro aufbaute. Guillaume P. \u2013 Krah nennt ihn: &#8222;der Franzose&#8220; \u2013 war zu der Zeit sein B\u00fcroleiter und Verbindungsmann f\u00fcr <a class=\"transition-colors duration-200 cursor-pointer text-inherit no-underline text-salemsfur md:hover:text-magenta md:hover:border-magenta md:focus:text-magenta border-current border-b border-solid break-words\" href=\"https:\/\/www.t-online.de\/themen\/russland\/\" data-sctrack=\"BodyAnchor\" rel=\"nofollow noopener\" target=\"_blank\">Russland<\/a>, Jian G. der Mann f\u00fcr das Thema Au\u00dfenhandel und Beziehungen zu China.<\/p>\n<p class=\"text-18 leading-17\">Beide genossen im B\u00fcro Krah offenbar vollkommene Freiheit, Vertrauen und damit auch erweiterte Zugriffsrechte im EU-Parlament. &#8222;Ich erwarte maximale Selbstverantwortung und -organisation von meinen Mitarbeitern&#8220;, sagt Krah vor Gericht. Dass er ein &#8222;erstaunlich pr\u00e4senter&#8220; Politiker auch ohne herausgehobene Position sei, habe mit seinem Team zu tun \u2013 es herrsche &#8222;strenge Aufgabentaktik&#8220;.<\/p>\n<p class=\"text-18 leading-17\">Er habe seinem Team stets das Motto vermittelt: &#8222;Wir sind hier ein gemeinsames Schiff, ich bin die Gallionsfigur.&#8220; Und diese Gallionsfigur wollte mit allzu Irdischem offenbar nicht belastet werden: &#8222;Ich bin generell daran interessiert, meine allt\u00e4gliche Belastung, insbesondere von Daten, die auf mich einstr\u00f6men, zu reduzieren&#8220;, sagt er. E-Mails, Passw\u00f6rter? &#8222;Ich hasse das Zeug&#8220;, so Krah. &#8222;Ich bin ein E-Mail-Muffel. Ich bin an E-Mail-Accounts erstickt.&#8220;<\/p>\n","protected":false},"excerpt":{"rendered":"Die Skandale passen zu Krahs politischer Einstellung. Er inszeniert sich gern china- und russlandfreundlich. Der Kommunistischen Partei gratulierte&hellip;\n","protected":false},"author":2,"featured_media":395106,"comment_status":"","ping_status":"","sticky":false,"template":"","format":"standard","meta":{"footnotes":""},"categories":[2],"tags":[3028,186,937,18330,227,29,2386,105743,548,941,1560,325,1562,30,105742,13,35667,14,15,105745,12,3555,105443,105744,10,8,9,11,6799],"class_list":{"0":"post-395105","1":"post","2":"type-post","3":"status-publish","4":"format-standard","5":"has-post-thumbnail","7":"category-deutschland","8":"tag-3028","9":"tag-afd","10":"tag-bruessel","11":"tag-bundesanwaltschaft","12":"tag-china","13":"tag-deutschland","14":"tag-dresden","15":"tag-emailaccount","16":"tag-eu","17":"tag-eu-parlament","18":"tag-europaeisches-parlament","19":"tag-geheimdienst","20":"tag-geldwaesche","21":"tag-germany","22":"tag-guillaume-p","23":"tag-headlines","24":"tag-maximilian-krah","25":"tag-nachrichten","26":"tag-news","27":"tag-passwort","28":"tag-schlagzeilen","29":"tag-spionage","30":"tag-spionageprozess","31":"tag-spionageverdacht","32":"tag-top-news","33":"tag-top-meldungen","34":"tag-topmeldungen","35":"tag-topnews","36":"tag-wahlkampf"},"share_on_mastodon":{"url":"https:\/\/pubeurope.com\/@de\/115143617081042445","error":""},"_links":{"self":[{"href":"https:\/\/www.europesays.com\/de\/wp-json\/wp\/v2\/posts\/395105","targetHints":{"allow":["GET"]}}],"collection":[{"href":"https:\/\/www.europesays.com\/de\/wp-json\/wp\/v2\/posts"}],"about":[{"href":"https:\/\/www.europesays.com\/de\/wp-json\/wp\/v2\/types\/post"}],"author":[{"embeddable":true,"href":"https:\/\/www.europesays.com\/de\/wp-json\/wp\/v2\/users\/2"}],"replies":[{"embeddable":true,"href":"https:\/\/www.europesays.com\/de\/wp-json\/wp\/v2\/comments?post=395105"}],"version-history":[{"count":0,"href":"https:\/\/www.europesays.com\/de\/wp-json\/wp\/v2\/posts\/395105\/revisions"}],"wp:featuredmedia":[{"embeddable":true,"href":"https:\/\/www.europesays.com\/de\/wp-json\/wp\/v2\/media\/395106"}],"wp:attachment":[{"href":"https:\/\/www.europesays.com\/de\/wp-json\/wp\/v2\/media?parent=395105"}],"wp:term":[{"taxonomy":"category","embeddable":true,"href":"https:\/\/www.europesays.com\/de\/wp-json\/wp\/v2\/categories?post=395105"},{"taxonomy":"post_tag","embeddable":true,"href":"https:\/\/www.europesays.com\/de\/wp-json\/wp\/v2\/tags?post=395105"}],"curies":[{"name":"wp","href":"https:\/\/api.w.org\/{rel}","templated":true}]}}