{"id":395107,"date":"2025-09-04T02:15:27","date_gmt":"2025-09-04T02:15:27","guid":{"rendered":"https:\/\/www.europesays.com\/de\/395107\/"},"modified":"2025-09-04T02:15:27","modified_gmt":"2025-09-04T02:15:27","slug":"15-prozent-mehr-getreide-geerntet-prognose-uebertroffen","status":"publish","type":"post","link":"https:\/\/www.europesays.com\/de\/395107\/","title":{"rendered":"15 Prozent mehr Getreide geerntet &#8211; Prognose \u00fcbertroffen"},"content":{"rendered":"<p class=\"metatextline\">Stand: 03.09.2025 16:00 Uhr<\/p>\n<p class=\"textabsatz columns twelve  m-ten  m-offset-one l-eight l-offset-two\">\n        <strong>Das Fr\u00fchjahr war deutlich zu trocken. Doch der Regen im Sommer rettete vielerorts die Getreideernte. 44,7 Millionen Tonnen fuhren die Bauern ein. Damit wurde die Prognose \u00fcbertroffen.<\/strong>\n    <\/p>\n<p class=\"textabsatz m-ten m-offset-one l-eight l-offset-two columns twelve\">\nEs ist ein gutes Jahr f\u00fcr Getreide: Im Sommer wurde im Vergleich zum Vorjahr 14,8 Prozent mehr geerntet. Die Bauern in Deutschland fuhren gesch\u00e4tzt 44,7 Millionen Tonnen ein, <a href=\"https:\/\/www.bmleh.de\/SharedDocs\/Pressemitteilungen\/DE\/2025\/076-erntebericht-2025-bmleh.html#:~:text=Die%20Winterrapsernte%202025%20wird%20auf,der%20Jahre%202019%20bis%202024.\" title=\"Erntebilanz 2025 Pressemitteilung\" class=\"textlink--extern js-link-dialog\" rel=\"noopener noreferrer nofollow\" target=\"_blank\" data-type=\"external\">wie das Bundesagrarministerium mitteilte<\/a>. Der Wert liegt demnach um 5,3 Prozent \u00fcber dem Mittel der Jahre 2019 bis 2024.<\/p>\n<p class=\"textabsatz m-ten m-offset-one l-eight l-offset-two columns twelve\">\nBundeslandwirtschaftsminister Alois Rainer sprach in Berlin von einer im bundesweiten Schnitt guten Ernte mit regionalen Unterschieden. Die Landwirte h\u00e4tten erneut mit dem Wetter zu k\u00e4mpfen gehabt, erkl\u00e4rte der CSU-Politiker. Nach einem sehr trockenen Fr\u00fchjahr sei vielerorts aber gerade noch rechtzeitig Regen gekommen, was einiges ausgeb\u00fcgelt habe.<\/p>\n<p class=\"textabsatz m-ten m-offset-one l-eight l-offset-two columns twelve\">\nK\u00fcrzlich hatte bereits der Deutsche Bauernverband seine Erntebilanz vorgestellt und nach einer Hochrechnung eine <a href=\"https:\/\/www.tagesschau.de\/wirtschaft\/bauernverband-100.html\" title=\"Zufriedenstellende Ernte - Bauernverband beklagt aber &quot;katastrophale Preislage&quot;\" rel=\"nofollow noopener\" target=\"_blank\">Zunahme auf 43,5 Millionen Tonnen prognostiziert<\/a>. Im vergangenen Jahr waren 39 Millionen Tonnen Getreide von den Feldern geholt worden.<\/p>\n<p>    Deutliches Plus auch beim Obstanbau<\/p>\n<p class=\"textabsatz m-ten m-offset-one l-eight l-offset-two columns twelve\">\nAuch der heimische Obstanbau erlebt laut Landwirtschaftsministerium ein gutes Jahr. Die Apfelernte steigt voraussichtlich um 15,7 Prozent auf eine Million Tonnen. Auch die Kirschernte legt deutlich zu. Vergleichen mit vergangenem Jahr ernteten die Landwirte 41 Prozent mehr &#8211; 49.900 Tonnen.<\/p>\n<p class=\"textabsatz m-ten m-offset-one l-eight l-offset-two columns twelve\">\nRainer versprach, dass die Bundesregierung die Wettbewerbsf\u00e4higkeit der deutschen Bauern weiterhin unterst\u00fctzten will. So w\u00fcrden durch die vollst\u00e4ndige R\u00fcckkehr zu den Subventionen beim Agrardiesel ab dem kommenden Jahr rund 430 Millionen Euro pro Jahr an die Bauern flie\u00dfen. Der urspr\u00fcnglich anvisierte Wegfall der Subventionen hatte f\u00fcr massive Proteste der Landwirte gesorgt.<\/p>\n<p class=\"textabsatz m-ten m-offset-one l-eight l-offset-two columns twelve\">\nAu\u00dferdem hat das Kabinett nach Angaben des Ministers beschlossen, dass Betriebe im Obst-, Gem\u00fcse-, und Weinanbau Saisonarbeitskr\u00e4fte k\u00fcnftig 90 Tage lang sozialversicherungsfrei besch\u00e4ftigen d\u00fcrfen. Bislang galt das f\u00fcr maximal 70 Tage. &#8222;Das bringt den Betrieben wie auch den Arbeitskr\u00e4ften mehr Flexibilit\u00e4t&#8220;, sagte Rainer.<\/p>\n","protected":false},"excerpt":{"rendered":"Stand: 03.09.2025 16:00 Uhr Das Fr\u00fchjahr war deutlich zu trocken. Doch der Regen im Sommer rettete vielerorts die&hellip;\n","protected":false},"author":2,"featured_media":395108,"comment_status":"","ping_status":"","sticky":false,"template":"","format":"standard","meta":{"footnotes":""},"categories":[5],"tags":[21647,13,14,15,12,10,8,9,11],"class_list":{"0":"post-395107","1":"post","2":"type-post","3":"status-publish","4":"format-standard","5":"has-post-thumbnail","7":"category-nachrichten","8":"tag-ernte","9":"tag-headlines","10":"tag-nachrichten","11":"tag-news","12":"tag-schlagzeilen","13":"tag-top-news","14":"tag-top-meldungen","15":"tag-topmeldungen","16":"tag-topnews"},"share_on_mastodon":{"url":"https:\/\/pubeurope.com\/@de\/115143620945650391","error":""},"_links":{"self":[{"href":"https:\/\/www.europesays.com\/de\/wp-json\/wp\/v2\/posts\/395107","targetHints":{"allow":["GET"]}}],"collection":[{"href":"https:\/\/www.europesays.com\/de\/wp-json\/wp\/v2\/posts"}],"about":[{"href":"https:\/\/www.europesays.com\/de\/wp-json\/wp\/v2\/types\/post"}],"author":[{"embeddable":true,"href":"https:\/\/www.europesays.com\/de\/wp-json\/wp\/v2\/users\/2"}],"replies":[{"embeddable":true,"href":"https:\/\/www.europesays.com\/de\/wp-json\/wp\/v2\/comments?post=395107"}],"version-history":[{"count":0,"href":"https:\/\/www.europesays.com\/de\/wp-json\/wp\/v2\/posts\/395107\/revisions"}],"wp:featuredmedia":[{"embeddable":true,"href":"https:\/\/www.europesays.com\/de\/wp-json\/wp\/v2\/media\/395108"}],"wp:attachment":[{"href":"https:\/\/www.europesays.com\/de\/wp-json\/wp\/v2\/media?parent=395107"}],"wp:term":[{"taxonomy":"category","embeddable":true,"href":"https:\/\/www.europesays.com\/de\/wp-json\/wp\/v2\/categories?post=395107"},{"taxonomy":"post_tag","embeddable":true,"href":"https:\/\/www.europesays.com\/de\/wp-json\/wp\/v2\/tags?post=395107"}],"curies":[{"name":"wp","href":"https:\/\/api.w.org\/{rel}","templated":true}]}}