{"id":395109,"date":"2025-09-04T02:16:44","date_gmt":"2025-09-04T02:16:44","guid":{"rendered":"https:\/\/www.europesays.com\/de\/395109\/"},"modified":"2025-09-04T02:16:44","modified_gmt":"2025-09-04T02:16:44","slug":"hllanzeiger-polizeimeldungen-vom-mittwoch-03-09-2025","status":"publish","type":"post","link":"https:\/\/www.europesays.com\/de\/395109\/","title":{"rendered":"H@llAnzeiger &#8211; Polizeimeldungen vom Mittwoch, 03.09.2025"},"content":{"rendered":"<p><img decoding=\"async\" src=\"https:\/\/www.europesays.com\/de\/wp-content\/uploads\/2025\/07\/polizei_nachrichten-678x381.jpg\" alt=\"Polizei Nachrichten\" title=\"polizei_nachrichten\"\/><br \/>\n\u00a9 H@llAnzeiger<\/p>\n<p>Polizeirevier Halle (Saale)<\/p>\n<p><strong>Bus-Fahrerin unter Alkoholeinfluss gefahren<br \/><\/strong>In den gestrigen Mittagstunden gegen 13 Uhr informierte eine namentlich bekannte Zeugin die hiesige Polizei und gab an, dass die Fahrerin eines Linienbusses vermutlich unter Alkoholeinfluss den Bus f\u00e4hrt. Im Bereich Merseburger Stra\u00dfe in Halle konnte der Linienbus gestoppt und die Fahrerin einer Kontrolle unterzogen werden. Der Verdacht, dass diese den Bus unter Alkoholeinfluss f\u00fchrte, konnte mittels eines durchgef\u00fchrten Atemalkoholtestes best\u00e4tigt werden. Nach einer erfolgten Blutprobenentnahme wurde der Fahrerin die Weiterfahrt untersagt und der F\u00fchrerschein beschlagnahmt. Das Polizeirevier Halle (Saale) hat die Ermittlungen aufgenommen.<\/p>\n<p><strong>Ohne F\u00fchrerschein und unter Drogeneinfluss gefahren<br \/><\/strong>Polizeibeamte des Polizeirevieres Halle (Saale) kontrollierten in den gestrigen Abendstunden gegen 18.35 Uhr im Bereich Zur Saaleaue in Halle (Saale) den Fahrer eines Pkw. Nach Aufforderung konnte der 43-j\u00e4hrige Fahrer den Polizeibeamten keinen F\u00fchrerschein vorweisen. Nach amtlicher \u00dcberpr\u00fcfung der F\u00fchrerscheindaten in den polizeilichen Auskunftssystemen wurde bekannt, dass der Fahrer nicht im Besitz einer g\u00fcltigen Fahrerlaubnis ist. Weiterhin zeigte der 43-J\u00e4hrige gegen\u00fcber den Polizeibeamten deutliche Anzeichen eines Bet\u00e4ubungsmittelkonsums, welcher sich mittels eines durchgef\u00fchrten Drogenschnelltest best\u00e4tigte. Im Rahmen einer Durchsuchung der Sachen des Fahrers konnte in der Bekleidung ein Einhandmesser sichergestellt werden. Nach einer erfolgten Blutprobenentnahme wurde dem Hallenser jegliche Nutzung von Kraftfahrzeugen untersagt.<br \/>Das Polizeirevier Halle (Saale) hat gegen den Fahrer die Ermittlungen zu den einzelnen Straftatbest\u00e4nden aufgenommen und ein Bu\u00dfgeldverfahren eingeleitet.<\/p>\n<p><strong>Schl\u00e4gerei<br \/><\/strong>In den fr\u00fchen Morgenstunden kamen Polizeibeamte gegen 01.50 Uhr im Bereich Gimritzer Damm in Halle (Saale) zum Einsatz. Hier kam es zu Beleidigungs- und K\u00f6rperverletzungsdelikten zwischen zwei Personengruppen. Alle Beteiligten konnten noch am Tatort durch die Polizei gestellt werden. Ein Beteiligter der k\u00f6rperlichen Auseinandersetzungen zog sich Verletzungen im Bereich des Gesichtes zu. Diese wurden am Ort der Auseinandersetzung durch hinzugezogene Rettungskr\u00e4fte behandelt. Das Polizeirevier Halle (Saale) hat die strafrechtlichen Ermittlungen aufgenommen.<\/p>\n<p><strong>Verkehrsunfall mit Personenschaden<br \/><\/strong>Gegen 11.40 Uhr ereignete sich im Bereich Rennbahnkreuz, Haltestellenbereich, in Halle (Saale) ein Verkehrsunfall. Nach ersten polizeilichen Erkenntnissen kam es aus ungekl\u00e4rter Unfallursache zu einem Zusammensto\u00df zwischen zwei Radfahrern. Durch das Unfallgeschehen zog sich ein beteiligter Radfahrer schwere Verletzungen zu und wurde zur weiteren Behandlung in ein st\u00e4dtisches Krankenhaus verbracht. Das Polizeirevier Halle (Saale) hat die Ermittlungen zum Unfallhergang aufgenommen.<\/p>\n<p>Polizeirevier Saalekreis<\/p>\n<p><strong>Fahren ohne erforderliche Fahrerlaubnis<br \/><\/strong>M\u00fccheln \u2013 Im Rahmen der Streifent\u00e4tigkeit nahmen die Polizeibeamten einen 29-j\u00e4hrigen Fahrzeugf\u00fchrer mit seinem Pkw in der M\u00fchlstra\u00dfe wahr. Der Fahrzeugf\u00fchrer wurde am 03.09.2025 gegen 1 Uhr einer Verkehrskontrolle unterzogen. Nach erfolgter Legitimation der Beamten wurde der Fahrer aufgefordert seinen F\u00fchrerschein sowie die Zulassungsbescheinigung Teil 1 vorzuzeigen. Daraufhin zeigte der Fahrzeugf\u00fchrer einen spanischen F\u00fchrerschein vor. Die erforderliche Fahrerlaubnisklasse B war laut dem vorgezeigten F\u00fchrerschein lediglich bis zum 18.03.2024 g\u00fcltig. Auch nach erfolgter Recherche in den polizeilichen Informationssystemen konnte festgestellt werden, dass die Fahrerlaubnisklasse B nicht mehr g\u00fcltig ist. Daraufhin wurde der Beschuldigte zun\u00e4chst entsprechend belehrt, der Tatvorwurf er\u00f6ffnet und die Weiterfahrt untersagt. Durch das Polizeirevier wurden die Ermittlungen eingeleitet.<\/p>\n<p><strong>Fahren unter Drogeneinfluss<br \/><\/strong>Landsberg \u2013 Am 02.09.2025 gegen 19.35 Uhr beobachtete ein Zeuge, wie ein offenbar alkoholisierter Mann aus einem Autohof kam, mehrere Alkoholflaschen bei sich trug, eine davon fallen lie\u00df und trotz fehlendem Reifen vorne rechts in sein Fahrzeug stieg und losfuhr. Der Zeuge folgte dem Fahrzeug mit seinem Privatwagen und informierte die Polizei. Der Fahrer fuhr unter anderem bei Rotlicht \u00fcber eine Ampel und \u00fcberschritt innerorts sowie au\u00dferorts die zul\u00e4ssige H\u00f6chstgeschwindigkeit deutlich. In seiner Wohnortn\u00e4he kam er von der Fahrbahn ab und fuhr auf den Gehweg. Kurz nach Eintreffen der Polizei sa\u00df der Mann noch im laufenden Fahrzeug und zeigte sich verwirrt und desorientiert. Eine Atemalkoholkontrolle ergab 0,14 Promille. Aufgrund seines auff\u00e4lligen Verhaltens sollte ein Drogenschnelltest durchgef\u00fchrt werden, was der 32-J\u00e4hrige verweigerte und zunehmend aggressiv reagierte. Im weiteren Verlauf kam es zu Widerstandshandlungen gegen\u00fcber den Polizeibeamten, wobei der Mann kurzzeitig fl\u00fcchtete, zu Boden gebracht und fixiert werden musste. Dabei erlitt er Nasenbluten, blieb ansonsten aber unverletzt. Ein sp\u00e4ter durchgef\u00fchrter Drogenschnelltest reagierte positiv auf Kokain. Im Klinikum verhielt sich der Mann weiterhin aggressiv, beleidigte die eingesetzten Beamten mehrfach und besch\u00e4digte sein Mobiltelefon. Die Blutprobenentnahme wurde durchgef\u00fchrt, der F\u00fchrerschein sichergestellt und die Weiterfahrt untersagt. Gegen den 32-J\u00e4hrigen wurden Verfahren wegen Trunkenheit im Verkehr, Widerstand gegen Vollstreckungsbeamte und Beleidigung eingeleitet. Die eingesetzten Polizeikr\u00e4fte blieben unverletzt.<\/p>\n<p><strong>Wildunfall<br \/><\/strong>Merseburg \u2013 Am 02.09.2025 gegen 19 Uhr befuhr ein 24-j\u00e4hriger Fahrzeugf\u00fchrer eines Pkw VW die Geusaer Stra\u00dfe aus Richtung Atzendorf kommend in Richtung Thomas-M\u00fcntzer-Stra\u00dfe, als pl\u00f6tzlich ein Reh die Fahrbahn \u00fcberquerte. Es kam zum Zusammensto\u00df zwischen dem Fahrzeug und dem Tier. Am Fahrzeug entstand Sachschaden. Das Reh entfernte sich vom Unfallort.<\/p>\n<p>Polizeirevier Mansfeld-S\u00fcdharz<\/p>\n<p><strong>Sangerhausen \u2013 Handtasche entwendet<br \/><\/strong>W\u00e4hrend am Dienstagnachmittag eine Seniorin mit ihrem Rollator in der Lindenstra\u00dfe unterwegs war, wurde der 88-J\u00e4hrigen die Handtasche entwendet. Ein augenscheinlich junger Mann ging an der Gesch\u00e4digten vorbei, entnahm aus dem Gef\u00e4hrt die Tasche und verschwand in unbekannte Richtung. Mit der Tasche wurden Bargeld, Schl\u00fcssel und pers\u00f6nliche Dokumente entwendet. Zur Personenbeschreibung des Tatverd\u00e4chtigen liegen folgende Hinweise vor: Die Person war ca. 16 Jahre alt und trug zur Tatzeit eine dunkle Hose und einen grauen Hoodie mit grauer Kapuze, die \u00fcber den Kopf gezogen war.<\/p>\n<p><strong>Gerbstedt \u2013 Einbruch bei Sportverein<br \/><\/strong>Unbekannte drangen in der Nacht zum Dienstag auf das Gel\u00e4nde eines Sportvereins in Zabenstedt ein. Die T\u00e4ter drangen in einen Gastraum der Vereinsgastst\u00e4tte ein und entwendeten daraus ein Elektrofahrrad. Der Gesamtschaden wird mit ca. 3.800 Euro angegeben.<\/p>\n","protected":false},"excerpt":{"rendered":"\u00a9 H@llAnzeiger Polizeirevier Halle (Saale) Bus-Fahrerin unter Alkoholeinfluss gefahrenIn den gestrigen Mittagstunden gegen 13 Uhr informierte eine namentlich&hellip;\n","protected":false},"author":2,"featured_media":238089,"comment_status":"","ping_status":"","sticky":false,"template":"","format":"standard","meta":{"footnotes":""},"categories":[1860],"tags":[3364,29,548,663,3934,30,4062,17332,13,14,15,17331,860,12],"class_list":{"0":"post-395109","1":"post","2":"type-post","3":"status-publish","4":"format-standard","5":"has-post-thumbnail","7":"category-halle-saale","8":"tag-de","9":"tag-deutschland","10":"tag-eu","11":"tag-europa","12":"tag-europe","13":"tag-germany","14":"tag-halle","15":"tag-halle-saale","16":"tag-headlines","17":"tag-nachrichten","18":"tag-news","19":"tag-saale","20":"tag-sachsen-anhalt","21":"tag-schlagzeilen"},"share_on_mastodon":{"url":"https:\/\/pubeurope.com\/@de\/115143625158924837","error":""},"_links":{"self":[{"href":"https:\/\/www.europesays.com\/de\/wp-json\/wp\/v2\/posts\/395109","targetHints":{"allow":["GET"]}}],"collection":[{"href":"https:\/\/www.europesays.com\/de\/wp-json\/wp\/v2\/posts"}],"about":[{"href":"https:\/\/www.europesays.com\/de\/wp-json\/wp\/v2\/types\/post"}],"author":[{"embeddable":true,"href":"https:\/\/www.europesays.com\/de\/wp-json\/wp\/v2\/users\/2"}],"replies":[{"embeddable":true,"href":"https:\/\/www.europesays.com\/de\/wp-json\/wp\/v2\/comments?post=395109"}],"version-history":[{"count":0,"href":"https:\/\/www.europesays.com\/de\/wp-json\/wp\/v2\/posts\/395109\/revisions"}],"wp:featuredmedia":[{"embeddable":true,"href":"https:\/\/www.europesays.com\/de\/wp-json\/wp\/v2\/media\/238089"}],"wp:attachment":[{"href":"https:\/\/www.europesays.com\/de\/wp-json\/wp\/v2\/media?parent=395109"}],"wp:term":[{"taxonomy":"category","embeddable":true,"href":"https:\/\/www.europesays.com\/de\/wp-json\/wp\/v2\/categories?post=395109"},{"taxonomy":"post_tag","embeddable":true,"href":"https:\/\/www.europesays.com\/de\/wp-json\/wp\/v2\/tags?post=395109"}],"curies":[{"name":"wp","href":"https:\/\/api.w.org\/{rel}","templated":true}]}}