{"id":395114,"date":"2025-09-04T02:19:15","date_gmt":"2025-09-04T02:19:15","guid":{"rendered":"https:\/\/www.europesays.com\/de\/395114\/"},"modified":"2025-09-04T02:19:15","modified_gmt":"2025-09-04T02:19:15","slug":"polizei-sucht-nach-nico-s-aus-dem-erzgebirge","status":"publish","type":"post","link":"https:\/\/www.europesays.com\/de\/395114\/","title":{"rendered":"Polizei sucht nach Nico S. aus dem Erzgebirge"},"content":{"rendered":"<p>\t\t\tSeit Samstag verschwunden: Polizei sucht nach Nico S. aus dem Erzgebirge<br \/>\n\t\t\t\t\t\t\t\t\t\t\t\t<b>Blaulicht<\/b> Der Mann verlie\u00df am Samstag seinen Aufenthaltsort in Zschopau und kehrte nicht zur\u00fcck. Nun bittet die Polizei um Hinweise aus der Bev\u00f6lkerung.<\/p>\n<p>Von der  Redaktion<\/p>\n<p>\t\t\t\t03.09.2025, 15:13 Uhr<\/p>\n<p>\t\t\t\t<a id=\"whatsapp_channel_link\" href=\"https:\/\/whatsapp.com\/channel\/0029Va6RBvnLY6dCNLfeAA0c\" data-ct=\"SHARE\/WHATSAPPKANAL\" rel=\"nofollow noopener\" target=\"_blank\"><br \/>\n\t\t\t\t\t<img decoding=\"async\" alt=\"Zum Blick WhatsApp Kanal\" src=\"https:\/\/www.blick.de\/img\/WhatsApp-Kanal.svg\"\/><br \/>\n\t\t\t\t<\/a><\/p>\n<ul class=\"gallery-items\">\n<li class=\"img gallery-item\">\n<p>\t\t\t\t\t\t\t\t\t\t\t\t\t\t\t\t\t\t\t\t\t\t\t\t\t\t\t\t\t\t\t\t\t\t\t\t\t\t\t\t\t\t\t\t\t\t<img decoding=\"async\" class=\"media-image \" loading=\"eager\" src=\"https:\/\/www.europesays.com\/de\/wp-content\/uploads\/2025\/09\/17186262_W400C740x499o0x0.jpg\" alt=\"Seit Samstag verschwunden: Polizei sucht nach Nico S. aus dem Erzgebirge - \"   style=\"&#10;&#9;&#9;&#9;aspect-ratio:740\/499;&#10;&#9;&#9;&#9;background: url(data:image\/jpg;base64,\/9j\/4AAQSkZJRgABAQEAYABgAAD\/2wBDAAUDBAQEAwUEBAQFBQUGBwwIBwcHBw8LCwkMEQ8SEhEPERETFhwXExQaFRERGCEYGh0dHx8fExciJCIeJBweHx7\/2wBDAQUFBQcGBw4ICA4eFBEUHh4eHh4eHh4eHh4eHh4eHh4eHh4eHh4eHh4eHh4eHh4eHh4eHh4eHh4eHh4eHh4eHh7\/wAARCAAHAAoDASIAAhEBAxEB\/8QAFgABAQEAAAAAAAAAAAAAAAAAAAIG\/8QAIhAAAQMDAwUAAAAAAAAAAAAAAgEDBAAFEQYSMQciQWGB\/8QAFQEBAQAAAAAAAAAAAAAAAAAABAX\/xAAcEQACAgIDAAAAAAAAAAAAAAABAwACBBESMeH\/2gAMAwEAAhEDEQA\/AKu950jpcrRJmxVfurYNS4I7CQAJlwl5TnKZTu53LnxjJ3zpjCn3ufOjyG4jMmS463HAMC0JEqoCekRcfKUomQy1CNGUcJK3cxcdez\/\/2Q==) no-repeat left top; background-size: cover;&#9;&#9;&#9;height: 100%;&#9;&#9;\"\/><\/p>\n<p>\n\t\t\t\t\t\t\t\t\t Foto: Polizeidirektion Chemnitz\n\t\t\t\t\t\t\t\t<\/p>\n<\/li>\n<li class=\"img gallery-item\">\n<p>\t\t\t\t\t\t\t\t\t\t\t\t\t\t\t\t\t\t\t\t\t\t\t\t\t\t\t\t\t\t\t\t\t\t\t\t\t\t\t\t\t<img decoding=\"async\" class=\"media-image \" loading=\"lazy\" src=\"https:\/\/www.europesays.com\/de\/wp-content\/uploads\/2025\/09\/17186263_W400C740x499o0x0.jpg\" alt=\"Seit Samstag verschwunden: Polizei sucht nach Nico S. aus dem Erzgebirge - Symbolbild.\"   style=\"&#10;&#9;&#9;&#9;aspect-ratio:740\/499;&#10;&#9;&#9;&#9;background: url(data:image\/jpg;base64,\/9j\/4AAQSkZJRgABAQEBLAEsAAD\/2wBDAAUDBAQEAwUEBAQFBQUGBwwIBwcHBw8LCwkMEQ8SEhEPERETFhwXExQaFRERGCEYGh0dHx8fExciJCIeJBweHx7\/2wBDAQUFBQcGBw4ICA4eFBEUHh4eHh4eHh4eHh4eHh4eHh4eHh4eHh4eHh4eHh4eHh4eHh4eHh4eHh4eHh4eHh4eHh7\/wAARCAAHAAoDAREAAhEBAxEB\/8QAFQABAQAAAAAAAAAAAAAAAAAAAgb\/xAAiEAACAQMCBwAAAAAAAAAAAAACAwEEBhEABwUSISMxQpH\/xAAWAQEBAQAAAAAAAAAAAAAAAAADAQL\/xAAeEQABBAEFAAAAAAAAAAAAAAABAAIDEQQSITHB0f\/aAAwDAQACEQMRAD8Aqt6V3od2W3wqjFVfQi9dUsyaKxZ3AXK2BiMxJmEZj1OfGJ0THkE2bUfAHCjwgdibnuMnEmzFkyeaQJ78jM9cThcx81rWgODHe3fq\/9k=) no-repeat left top; background-size: cover;&#9;&#9;&#9;height: 100%;&#9;&#9;\"\/><\/p>\n<p>\n\t\t\t\t\t\t\t\t\tSymbolbild. Foto: Adobe Stock\/S. Engels\n\t\t\t\t\t\t\t\t<\/p>\n<\/li>\n<li class=\"img gallery-item\">\n<p>\t\t\t\t\t\t\t\t\t\t\t\t\t\t\t\t\t\t\t\t\t\t\t\t\t\t\t\t\t\t\t\t\t\t\t\t\t\t\t\t\t<img decoding=\"async\" class=\"media-image \" loading=\"lazy\" src=\"https:\/\/www.europesays.com\/de\/wp-content\/uploads\/2025\/09\/17186268_W400C740x499o0x0.jpg\" alt=\"Seit Samstag verschwunden: Polizei sucht nach Nico S. aus dem Erzgebirge - Symbolbild.\"   style=\"&#10;&#9;&#9;&#9;aspect-ratio:740\/499;&#10;&#9;&#9;&#9;background: url(data:image\/jpg;base64,\/9j\/4AAQSkZJRgABAQEBLAEsAAD\/2wBDAAUDBAQEAwUEBAQFBQUGBwwIBwcHBw8LCwkMEQ8SEhEPERETFhwXExQaFRERGCEYGh0dHx8fExciJCIeJBweHx7\/2wBDAQUFBQcGBw4ICA4eFBEUHh4eHh4eHh4eHh4eHh4eHh4eHh4eHh4eHh4eHh4eHh4eHh4eHh4eHh4eHh4eHh4eHh7\/wAARCAAHAAoDAREAAhEBAxEB\/8QAFAABAAAAAAAAAAAAAAAAAAAAB\/\/EAB8QAAICAgMAAwAAAAAAAAAAAAECAxEEBQAGQRQhUf\/EABUBAQEAAAAAAAAAAAAAAAAAAAYH\/8QAIhEAAQQBAwUBAAAAAAAAAAAAAQIDBBEABRJRITFBYXGx\/9oADAMBAAIRAxEAPwAt1mT0LbNu9Rh47YSzwCOOX4wMpSwzV4Daj8+rHvLPJTGfaSE0bu6BA\/MnqmdWgU64rdR6i\/f3DHI6tCk8iJPIyqxANAWLPl8AO6NHDigFeeMZtSnFoCtncc5\/\/9k=) no-repeat left top; background-size: cover;&#9;&#9;&#9;height: 100%;&#9;&#9;\"\/><\/p>\n<p>\n\t\t\t\t\t\t\t\t\tSymbolbild. Foto: Adobe Stock\/benekamp\n\t\t\t\t\t\t\t\t<\/p>\n<\/li>\n<li class=\"img gallery-item\">\n<p>\t\t\t\t\t\t\t\t\t\t\t\t\t\t\t\t\t\t\t\t\t\t\t\t\t\t\t\t\t\t\t\t\t\t\t\t\t\t\t\t\t<img decoding=\"async\" class=\"media-image \" loading=\"lazy\" src=\"https:\/\/www.europesays.com\/de\/wp-content\/uploads\/2025\/09\/17186269_W400C740x499o0x0.jpg\" alt=\"Seit Samstag verschwunden: Polizei sucht nach Nico S. aus dem Erzgebirge - Symbolbild.\"   style=\"&#10;&#9;&#9;&#9;aspect-ratio:740\/499;&#10;&#9;&#9;&#9;background: url(data:image\/jpg;base64,\/9j\/4AAQSkZJRgABAQEBLAEsAAD\/2wBDAAUDBAQEAwUEBAQFBQUGBwwIBwcHBw8LCwkMEQ8SEhEPERETFhwXExQaFRERGCEYGh0dHx8fExciJCIeJBweHx7\/2wBDAQUFBQcGBw4ICA4eFBEUHh4eHh4eHh4eHh4eHh4eHh4eHh4eHh4eHh4eHh4eHh4eHh4eHh4eHh4eHh4eHh4eHh7\/wAARCAAHAAoDASIAAhEBAxEB\/8QAFgABAQEAAAAAAAAAAAAAAAAAAAYH\/8QAIRAAAgICAgEFAAAAAAAAAAAAAQIDBAAFETEGBxIhMkH\/xAAUAQEAAAAAAAAAAAAAAAAAAAAG\/8QAHxEAAgECBwAAAAAAAAAAAAAAAQIAA8EEBREhMYGR\/9oADAMBAAIRAxEAPwDPPC09M9cyb6aJb1avAiX6yLMpYsOCASo+xB+Ou+T1kZs9l4TLsrUtbU2YYHmdoo+QfYpY8Dv8GMY9TMKiIG0B6txeHzhlZjufZ\/\/Z) no-repeat left top; background-size: cover;&#9;&#9;&#9;height: 100%;&#9;&#9;\"\/><\/p>\n<p>\n\t\t\t\t\t\t\t\t\tSymbolbild. Foto: Adobe Stock\/Ronny\n\t\t\t\t\t\t\t\t<\/p>\n<\/li>\n<li class=\"img gallery-item\">\n<p>\t\t\t\t\t\t\t\t\t\t\t\t\t\t\t\t\t\t\t\t\t\t\t\t\t\t\t\t\t\t\t\t\t\t\t\t\t\t\t\t\t<img decoding=\"async\" class=\"media-image \" loading=\"lazy\" src=\"https:\/\/www.europesays.com\/de\/wp-content\/uploads\/2025\/09\/17186273_W400C740x499o0x0.jpg\" alt=\"Seit Samstag verschwunden: Polizei sucht nach Nico S. aus dem Erzgebirge - Symbolbild.  Foto: Adobe Stock\/Ronny\"   style=\"&#10;&#9;&#9;&#9;aspect-ratio:740\/499;&#10;&#9;&#9;&#9;background: url(data:image\/jpg;base64,\/9j\/4AAQSkZJRgABAQEBLAEsAAD\/2wBDAAUDBAQEAwUEBAQFBQUGBwwIBwcHBw8LCwkMEQ8SEhEPERETFhwXExQaFRERGCEYGh0dHx8fExciJCIeJBweHx7\/2wBDAQUFBQcGBw4ICA4eFBEUHh4eHh4eHh4eHh4eHh4eHh4eHh4eHh4eHh4eHh4eHh4eHh4eHh4eHh4eHh4eHh4eHh7\/wAARCAAHAAoDASIAAhEBAxEB\/8QAFgABAQEAAAAAAAAAAAAAAAAAAAYH\/8QAIRAAAgICAgEFAAAAAAAAAAAAAQIDBAAFETEGBxIhMkH\/xAAUAQEAAAAAAAAAAAAAAAAAAAAG\/8QAHxEAAgECBwAAAAAAAAAAAAAAAQIAA8EEBREhMYGR\/9oADAMBAAIRAxEAPwDPPC09M9cyb6aJb1avAiX6yLMpYsOCASo+xB+Ou+T1kZs9l4TLsrUtbU2YYHmdoo+QfYpY8Dv8GMY9TMKiIG0B6txeHzhlZjufZ\/\/Z) no-repeat left top; background-size: cover;&#9;&#9;&#9;height: 100%;&#9;&#9;\"\/><\/p>\n<p>\n\t\t\t\t\t\t\t\t\tSymbolbild.  Foto: Adobe Stock\/Ronny Foto: Adobe Stock\/Ronny\n\t\t\t\t\t\t\t\t<\/p>\n<\/li>\n<\/ul>\n<p>1\/5<\/p>\n<p>\t\t\t\t\t\t\t\t\t\t\t\t\t\t\t\t\t\t\t\t\t\t\t\t\t\t\t\t\t\t<b class=\"ortsmarke\">Zschopau\/Olbernhau.<\/b>\u00a0<\/p>\n<p>Die <a href=\"https:\/\/www.blick.de\/thema\/organisation\/polizei\" title=\"Polizei\" class=\"internal-article-link\" data-ct=\"ENTITY\/ORGANISATION\/POLIZEI\" rel=\"nofollow noopener\" target=\"_blank\">Polizei<\/a> sucht seit gestern Nachmittag nach dem 30-j\u00e4hrigen Nico S. aus Olbernhau und bittet die Bev\u00f6lkerung um Hinweise zu seinem Aufenthaltsort.<\/p>\n<p>\t\t\t\t\t\t\t\t\t\t\t\t\t\t\t\t\t\tMehrere Suchaktionen bislang ohne Erfolg<\/p>\n<p>Nico S. hatte am vergangenen Samstag seinen derzeitigen Aufenthaltsort in Zschopau verlassen und ist bislang nicht zur\u00fcckgekehrt. Seither f\u00fchrte die Polizei wiederholt Suchma\u00dfnahmen in der Umgebung sowie seinem Wohnort (Olbernhau) durch, welche allerdings bislang nicht erfolgreich waren, sodass nun \u00f6ffentlich nach dem <a href=\"https:\/\/www.blick.de\/thema\/schlagwort\/vermisstenfall\" title=\"Vermissten\" class=\"internal-article-link\" data-ct=\"ENTITY\/PERSON\/VERMISSTEN\" rel=\"nofollow noopener\" target=\"_blank\">Vermissten<\/a> gefahndet wird. Wom\u00f6glich befindet sich der 30-J\u00e4hrige in einer hilflosen Lage.<\/p>\n<p>\t\t\t\t\t\t\t\t\t\t\t\t\t\t\t\t\t\tBeschreibung des Vermissten<\/p>\n<p>Nico S. ist etwa 1,80 Meter gro\u00df, hat eine kr\u00e4ftige Statur, kurze, blonde Haare und eine Brille. Zur Bekleidung des Vermissten zum Zeitpunkt seines Verschwindens ist bekannt, dass Nico eine kurze, schwarze Turnhose, ein T-Shirt und blaue Turnschuhe trug.<\/p>\n<p>\t\t\t\t\t\t\t\t\t\t\t\t\t\t\t\t\t\tJeder Hinweis kann zum Auffinden beitragen<\/p>\n<p>Wer Nico S. seit Samstag gesehen hat, wem der Vermisste wom\u00f6glich auch in \u00f6ffentlichen Verkehrsmitteln aufgefallen ist oder wer sonstige sachdienliche Hinweise geben kann, die zum Auffinden des 30-J\u00e4hrigen f\u00fchren k\u00f6nnten, wird gebeten, sich unter der Telefonnummer (0371) 327 34 48 bei der Chemnitzer Kriminalpolizei oder \u00fcber den polizeilichen Notruf 110 zu melden.<\/p>\n","protected":false},"excerpt":{"rendered":"Seit Samstag verschwunden: Polizei sucht nach Nico S. aus dem Erzgebirge Blaulicht Der Mann verlie\u00df am Samstag seinen&hellip;\n","protected":false},"author":2,"featured_media":395115,"comment_status":"","ping_status":"","sticky":false,"template":"","format":"standard","meta":{"footnotes":""},"categories":[1851],"tags":[2770,3364,29,548,663,3934,30,13,14,15,859,12],"class_list":{"0":"post-395114","1":"post","2":"type-post","3":"status-publish","4":"format-standard","5":"has-post-thumbnail","7":"category-chemnitz","8":"tag-chemnitz","9":"tag-de","10":"tag-deutschland","11":"tag-eu","12":"tag-europa","13":"tag-europe","14":"tag-germany","15":"tag-headlines","16":"tag-nachrichten","17":"tag-news","18":"tag-sachsen","19":"tag-schlagzeilen"},"share_on_mastodon":{"url":"https:\/\/pubeurope.com\/@de\/115143636949948128","error":""},"_links":{"self":[{"href":"https:\/\/www.europesays.com\/de\/wp-json\/wp\/v2\/posts\/395114","targetHints":{"allow":["GET"]}}],"collection":[{"href":"https:\/\/www.europesays.com\/de\/wp-json\/wp\/v2\/posts"}],"about":[{"href":"https:\/\/www.europesays.com\/de\/wp-json\/wp\/v2\/types\/post"}],"author":[{"embeddable":true,"href":"https:\/\/www.europesays.com\/de\/wp-json\/wp\/v2\/users\/2"}],"replies":[{"embeddable":true,"href":"https:\/\/www.europesays.com\/de\/wp-json\/wp\/v2\/comments?post=395114"}],"version-history":[{"count":0,"href":"https:\/\/www.europesays.com\/de\/wp-json\/wp\/v2\/posts\/395114\/revisions"}],"wp:featuredmedia":[{"embeddable":true,"href":"https:\/\/www.europesays.com\/de\/wp-json\/wp\/v2\/media\/395115"}],"wp:attachment":[{"href":"https:\/\/www.europesays.com\/de\/wp-json\/wp\/v2\/media?parent=395114"}],"wp:term":[{"taxonomy":"category","embeddable":true,"href":"https:\/\/www.europesays.com\/de\/wp-json\/wp\/v2\/categories?post=395114"},{"taxonomy":"post_tag","embeddable":true,"href":"https:\/\/www.europesays.com\/de\/wp-json\/wp\/v2\/tags?post=395114"}],"curies":[{"name":"wp","href":"https:\/\/api.w.org\/{rel}","templated":true}]}}