{"id":395117,"date":"2025-09-04T02:21:11","date_gmt":"2025-09-04T02:21:11","guid":{"rendered":"https:\/\/www.europesays.com\/de\/395117\/"},"modified":"2025-09-04T02:21:11","modified_gmt":"2025-09-04T02:21:11","slug":"parkt-neusser-anhaenger-oder-wird-er-auch-bewegt","status":"publish","type":"post","link":"https:\/\/www.europesays.com\/de\/395117\/","title":{"rendered":"Parkt Neusser Anh\u00e4nger \u2013 oder wird er auch bewegt?"},"content":{"rendered":"<p class=\"text_ohne_einzug richtext text-em-55 !leading-serif mx-6 desktop:mx-0\">Im Januar dieses Jahres fuhr Bernd Scherwatzki mit seinem Fahrrad durch Rheydt. An der Bachstra\u00dfe fiel ihm auf dem unbefestigten Seitenstreifen direkt neben einem m\u00e4chtigen Baum ein abgestellter kleiner Anh\u00e4nger auf. Der hatte ein Neusser Kennzeichen und schien nicht mehr ganz das neueste Modell zu sein. Aus den Augen, aus dem Sinn.<\/p>\n","protected":false},"excerpt":{"rendered":"Im Januar dieses Jahres fuhr Bernd Scherwatzki mit seinem Fahrrad durch Rheydt. An der Bachstra\u00dfe fiel ihm auf&hellip;\n","protected":false},"author":2,"featured_media":395118,"comment_status":"","ping_status":"","sticky":false,"template":"","format":"standard","meta":{"footnotes":""},"categories":[1849],"tags":[3364,29,548,663,3934,30,13,4455,14,14718,15,1209,12],"class_list":{"0":"post-395117","1":"post","2":"type-post","3":"status-publish","4":"format-standard","5":"has-post-thumbnail","7":"category-moenchengladbach","8":"tag-de","9":"tag-deutschland","10":"tag-eu","11":"tag-europa","12":"tag-europe","13":"tag-germany","14":"tag-headlines","15":"tag-moenchengladbach","16":"tag-nachrichten","17":"tag-neusser","18":"tag-news","19":"tag-nordrhein-westfalen","20":"tag-schlagzeilen"},"share_on_mastodon":{"url":"https:\/\/pubeurope.com\/@de\/115143644598046980","error":""},"_links":{"self":[{"href":"https:\/\/www.europesays.com\/de\/wp-json\/wp\/v2\/posts\/395117","targetHints":{"allow":["GET"]}}],"collection":[{"href":"https:\/\/www.europesays.com\/de\/wp-json\/wp\/v2\/posts"}],"about":[{"href":"https:\/\/www.europesays.com\/de\/wp-json\/wp\/v2\/types\/post"}],"author":[{"embeddable":true,"href":"https:\/\/www.europesays.com\/de\/wp-json\/wp\/v2\/users\/2"}],"replies":[{"embeddable":true,"href":"https:\/\/www.europesays.com\/de\/wp-json\/wp\/v2\/comments?post=395117"}],"version-history":[{"count":0,"href":"https:\/\/www.europesays.com\/de\/wp-json\/wp\/v2\/posts\/395117\/revisions"}],"wp:featuredmedia":[{"embeddable":true,"href":"https:\/\/www.europesays.com\/de\/wp-json\/wp\/v2\/media\/395118"}],"wp:attachment":[{"href":"https:\/\/www.europesays.com\/de\/wp-json\/wp\/v2\/media?parent=395117"}],"wp:term":[{"taxonomy":"category","embeddable":true,"href":"https:\/\/www.europesays.com\/de\/wp-json\/wp\/v2\/categories?post=395117"},{"taxonomy":"post_tag","embeddable":true,"href":"https:\/\/www.europesays.com\/de\/wp-json\/wp\/v2\/tags?post=395117"}],"curies":[{"name":"wp","href":"https:\/\/api.w.org\/{rel}","templated":true}]}}