{"id":395132,"date":"2025-09-04T02:29:10","date_gmt":"2025-09-04T02:29:10","guid":{"rendered":"https:\/\/www.europesays.com\/de\/395132\/"},"modified":"2025-09-04T02:29:10","modified_gmt":"2025-09-04T02:29:10","slug":"flieger-rollt-bei-landung-ueber-bahn-hinaus","status":"publish","type":"post","link":"https:\/\/www.europesays.com\/de\/395132\/","title":{"rendered":"Flieger rollt bei Landung \u00fcber Bahn hinaus"},"content":{"rendered":"<p class=\"Textstyled__Text-sc-1cqv9mi-0 cLyiiX\">Greven. Bei der Landung eines Flugzeugs am Flughafen M\u00fcnster Osnabr\u00fcck ist es am Abend zu einem Zwischenfall gekommen. Die aus der T\u00fcrkei kommende Boeing 737-800 sei auf der Landebahn ein St\u00fcck \u00fcber die Begrenzung hinaus gefahren, teilte der Flughafen in der Nacht mit. Keiner der knapp 200 Menschen an Bord des Flugs 4M351 sei nach aktuellem Stand verletzt worden. <\/p>\n<p>Weiterlesen nach der Anzeige<\/p>\n<p>Weiterlesen nach der Anzeige<\/p>\n<p class=\"Textstyled__Text-sc-1cqv9mi-0 cLyiiX\">Die Maschine der t\u00fcrkischen Airline Mavi G\u00f6k besch\u00e4digte einige Leuchtfeuer und kam dann noch auf der Start- und Landebahn zum Stehen, hie\u00df es. Der Flugbetrieb am Airport wurde nach dem Vorfall vor\u00fcbergehend eingestellt. Von der Airline gab es zun\u00e4chst kein \u00f6ffentliches Statement.<\/p>\n<p>Vier Fl\u00fcge umgeleitet<\/p>\n<p class=\"Textstyled__Text-sc-1cqv9mi-0 cLyiiX\">Ein Sprecher der Feuerwehr erkl\u00e4rte, das Flugzeug habe bei der Landung zu sp\u00e4t aufgesetzt. Es habe nicht viel gefehlt und die Maschine w\u00e4re von der asphaltierten Fahrbahn gerutscht. Die genaue Ursache war zun\u00e4chst unklar. Besch\u00e4digt wurde die Boeing dem Sprecher zufolge nicht. Die Flugg\u00e4ste konnten das Flugzeug \u00fcber die Fluggasttreppen verlassen und wurden mit Passagierbussen ins Terminal gebracht.<\/p>\n<p>Weiterlesen nach der Anzeige<\/p>\n<p>Weiterlesen nach der Anzeige<\/p>\n<p class=\"Textstyled__Text-sc-1cqv9mi-0 cLyiiX\">Wie der Flughafen, der sich in der nordrhein-westf\u00e4lischen Stadt Greven befindet, weiter mitteilte, mussten nach dem Vorfall vier ankommende Fl\u00fcge umgeleitet werden. Kurz vor 3.00 Uhr nachts konnte der Betrieb den Angaben nach wieder aufgenommen werden.<\/p>\n<p class=\"Textstyled__Text-sc-1cqv9mi-0 cLyiiX\">RND\/dpa<\/p>\n","protected":false},"excerpt":{"rendered":"Greven. Bei der Landung eines Flugzeugs am Flughafen M\u00fcnster Osnabr\u00fcck ist es am Abend zu einem Zwischenfall gekommen.&hellip;\n","protected":false},"author":2,"featured_media":395133,"comment_status":"","ping_status":"","sticky":false,"template":"","format":"standard","meta":{"footnotes":""},"categories":[1843],"tags":[3364,29,30,8970,1209],"class_list":{"0":"post-395132","1":"post","2":"type-post","3":"status-publish","4":"format-standard","5":"has-post-thumbnail","7":"category-muenster","8":"tag-de","9":"tag-deutschland","10":"tag-germany","11":"tag-muenster","12":"tag-nordrhein-westfalen"},"share_on_mastodon":{"url":"https:\/\/pubeurope.com\/@de\/115143676004855165","error":""},"_links":{"self":[{"href":"https:\/\/www.europesays.com\/de\/wp-json\/wp\/v2\/posts\/395132","targetHints":{"allow":["GET"]}}],"collection":[{"href":"https:\/\/www.europesays.com\/de\/wp-json\/wp\/v2\/posts"}],"about":[{"href":"https:\/\/www.europesays.com\/de\/wp-json\/wp\/v2\/types\/post"}],"author":[{"embeddable":true,"href":"https:\/\/www.europesays.com\/de\/wp-json\/wp\/v2\/users\/2"}],"replies":[{"embeddable":true,"href":"https:\/\/www.europesays.com\/de\/wp-json\/wp\/v2\/comments?post=395132"}],"version-history":[{"count":0,"href":"https:\/\/www.europesays.com\/de\/wp-json\/wp\/v2\/posts\/395132\/revisions"}],"wp:featuredmedia":[{"embeddable":true,"href":"https:\/\/www.europesays.com\/de\/wp-json\/wp\/v2\/media\/395133"}],"wp:attachment":[{"href":"https:\/\/www.europesays.com\/de\/wp-json\/wp\/v2\/media?parent=395132"}],"wp:term":[{"taxonomy":"category","embeddable":true,"href":"https:\/\/www.europesays.com\/de\/wp-json\/wp\/v2\/categories?post=395132"},{"taxonomy":"post_tag","embeddable":true,"href":"https:\/\/www.europesays.com\/de\/wp-json\/wp\/v2\/tags?post=395132"}],"curies":[{"name":"wp","href":"https:\/\/api.w.org\/{rel}","templated":true}]}}