{"id":395134,"date":"2025-09-04T02:30:51","date_gmt":"2025-09-04T02:30:51","guid":{"rendered":"https:\/\/www.europesays.com\/de\/395134\/"},"modified":"2025-09-04T02:30:51","modified_gmt":"2025-09-04T02:30:51","slug":"carl-oetker-neuer-vizepraesident-der-ihk-ostwestfalen-in-bielefeld","status":"publish","type":"post","link":"https:\/\/www.europesays.com\/de\/395134\/","title":{"rendered":"Carl Oetker neuer Vizepr\u00e4sident der IHK Ostwestfalen in Bielefeld"},"content":{"rendered":"<p>Carl Oetker ist am Montagabend in die Vollversammlung der Industrie- und Handelskammer Ostwestfalen zu Bielefeld gew\u00e4hlt worden. Er \u00fcbernimmt zudem das Amt des Vizepr\u00e4sidenten. Oetker ist pers\u00f6nlich haftender Gesellschafter der Dr. August Oetker KG. Die Vollversammlung ist das zentrale Gremium der IHK und besteht nun aus 75 Unternehmensvertretern. Das Pr\u00e4sidium umfasst wieder neun Mitglieder. Die Amtsperiode endet Mitte 2026.<\/p>\n<p>Neuwahl erforderlich<\/p>\n<p>Die Nachwahl wurde notwendig, nachdem Dr. Albert Christmann seine IHK-Ehren\u00e4mter niedergelegt hatte. Grund war sein Wechsel von der operativen Gesch\u00e4ftsf\u00fchrung in den Beirat der Oetker-Gruppe. IHK-Pr\u00e4sident J\u00f6rn Wahl-Schwentker lobte die Wahl von Oetker. Er erkl\u00e4rte, die IHK vertrete die ostwestf\u00e4lische Wirtschaft in ihrer ganzen Breite. In unsicheren Zeiten sei ein stark besetztes Pr\u00e4sidium besonders wichtig. Mit Carl Oetker gewinne die regionale Wirtschaft die Stimme eines traditionsreichen Unternehmens und einer pr\u00e4genden Unternehmerfamilie.<\/p>\n<p>Foto: Oetker-Gruppe<\/p>\n","protected":false},"excerpt":{"rendered":"Carl Oetker ist am Montagabend in die Vollversammlung der Industrie- und Handelskammer Ostwestfalen zu Bielefeld gew\u00e4hlt worden. Er&hellip;\n","protected":false},"author":2,"featured_media":395135,"comment_status":"","ping_status":"","sticky":false,"template":"","format":"standard","meta":{"footnotes":""},"categories":[1841],"tags":[28269,1605,80627,3364,29,30,1209,3144,55],"class_list":{"0":"post-395134","1":"post","2":"type-post","3":"status-publish","4":"format-standard","5":"has-post-thumbnail","7":"category-bielefeld","8":"tag-industrie-und-handelskammer","9":"tag-bielefeld","10":"tag-carl-oetker","11":"tag-de","12":"tag-deutschland","13":"tag-germany","14":"tag-nordrhein-westfalen","15":"tag-ostwestfalen","16":"tag-wirtschaft"},"share_on_mastodon":{"url":"https:\/\/pubeurope.com\/@de\/115143683970745093","error":""},"_links":{"self":[{"href":"https:\/\/www.europesays.com\/de\/wp-json\/wp\/v2\/posts\/395134","targetHints":{"allow":["GET"]}}],"collection":[{"href":"https:\/\/www.europesays.com\/de\/wp-json\/wp\/v2\/posts"}],"about":[{"href":"https:\/\/www.europesays.com\/de\/wp-json\/wp\/v2\/types\/post"}],"author":[{"embeddable":true,"href":"https:\/\/www.europesays.com\/de\/wp-json\/wp\/v2\/users\/2"}],"replies":[{"embeddable":true,"href":"https:\/\/www.europesays.com\/de\/wp-json\/wp\/v2\/comments?post=395134"}],"version-history":[{"count":0,"href":"https:\/\/www.europesays.com\/de\/wp-json\/wp\/v2\/posts\/395134\/revisions"}],"wp:featuredmedia":[{"embeddable":true,"href":"https:\/\/www.europesays.com\/de\/wp-json\/wp\/v2\/media\/395135"}],"wp:attachment":[{"href":"https:\/\/www.europesays.com\/de\/wp-json\/wp\/v2\/media?parent=395134"}],"wp:term":[{"taxonomy":"category","embeddable":true,"href":"https:\/\/www.europesays.com\/de\/wp-json\/wp\/v2\/categories?post=395134"},{"taxonomy":"post_tag","embeddable":true,"href":"https:\/\/www.europesays.com\/de\/wp-json\/wp\/v2\/tags?post=395134"}],"curies":[{"name":"wp","href":"https:\/\/api.w.org\/{rel}","templated":true}]}}