{"id":395155,"date":"2025-09-04T02:42:31","date_gmt":"2025-09-04T02:42:31","guid":{"rendered":"https:\/\/www.europesays.com\/de\/395155\/"},"modified":"2025-09-04T02:42:31","modified_gmt":"2025-09-04T02:42:31","slug":"mapei-wie-entfesselt-zum-heimsieg","status":"publish","type":"post","link":"https:\/\/www.europesays.com\/de\/395155\/","title":{"rendered":"Mapei wie entfesselt zum Heimsieg"},"content":{"rendered":"<p>        <img decoding=\"async\" src=\"https:\/\/www.europesays.com\/de\/wp-content\/uploads\/2025\/09\/8fd1b4a7ac214160909b1a3374d9f08b.gif\" width=\"1\" height=\"1\" alt=\"\" class=\"pvgw-marker-image\" loading=\"eager\" data-no-lazy=\"1\" referrerpolicy=\"no-referrer-when-downgrade\" style=\"display:none;\"\/> <\/p>\n<p class=\"has-link\">Traumankunft in Genua! Wem, wenn nicht Ambrogio Beccaria war dieser Teil-Erfolg beim Ocean Race Europe zu g\u00f6nnen? Punktgenau zur Etappen-Zielankunft in seiner italienischen Heimat schwang sich der 30-J\u00e4hrige zum gro\u00dfen Triumphator auf, siegte in einem mitrei\u00dfenden Finale mit seiner Allagrande Mapei.<\/p>\n<p class=\"has-link\">Nach 2 Tagen, 8 Stunden, 41 Minuten und 14 Sekunden machte Mapei fast eine Stunde vor der Paprec Ark\u00e9a in Genua fest, zwei weitere Stunden zur\u00fcck: die Biotherm. Und die anderen vier Crews, einschlie\u00dflich Boris Herrmann mit der Malizia, hatten am Morgen noch einen weiten Weg durch die Bucht von Genua vor sich (<a class=\"is-link\" href=\"https:\/\/floatmagazin.de\/?p=195471&amp;post_type=leute&amp;preview=1&amp;_ppp=e6070a48ff\" target=\"_blank\" rel=\"noopener\">Livetracker<\/a>).<\/p>\n<p class=\"has-link\">Es ist der Stoff f\u00fcr einen Hollywood-Schmachtfetzen, der dem Rennen der Imocas rund um Europa wieder W\u00fcrze verleiht. Nach bisher acht Wertungen (Etappen-, Sprint- und Zwischenwertungen) mit den steten, fast schon Eint\u00f6nigkeit vermittelnden Siegen durch Biotherm kann nun ein anderer Protagonist ein neues Kapitel schreiben. \u00dcberschrift: From Zero to Hero.<\/p>\n<p><img decoding=\"async\" class=\"lazy size-full wp-image-195489\" src=\"https:\/\/www.europesays.com\/de\/wp-content\/uploads\/2025\/09\/2025-09-03-beccaria-im-ziel.jpg\" alt=\"\" width=\"1200\" height=\"800\" loading=\"lazy\"  \/><\/p>\n<p>Der sagenhafte Aufstieg der Allagrande Mapei wurde in Genua gekr\u00f6nt \u00a9 Lloyd Images \/ The Ocean Race Europe 2025<\/p>\n<p class=\"has-link\">Es ist die Geschichte des <a class=\"is-link\" href=\"https:\/\/floatmagazin.de\/leute\/allagrande-mapei-top-team-im-neuen-gewand-ambrogio-beccaria\/\" target=\"_blank\" rel=\"noopener\">Einsteigers in die Imoca-Szene<\/a>, der nach dem Kauf der Yacht mit viel Hochachtung der Konkurrenz und ebenso gro\u00dfen Ambitionen zur ersten Etappe des Rennens in Kiel an den Start ging \u2013 und nach nicht einmal zwei Minuten am Boden zerst\u00f6rt war.<\/p>\n<p class=\"has-link\"><a class=\"is-link\" href=\"https:\/\/floatmagazin.de\/leute\/drama-start-vor-kiel-kollision-bruch-und-segelriss-ocean-race-europe\/\" target=\"_blank\" rel=\"noopener\">Nach dem Crash mit Holcim-PRB<\/a> am Kieler Leuchtturm musste Beccaria mit seiner Crew nicht nur die Etappe aufgeben, sondern angesichts des Schadens am Rigg sogar um die Fortsetzung des gesamten Rennens bangen.<\/p>\n<p>Steiler Aufstieg nach hartem R\u00fcckschlag<\/p>\n<p class=\"has-link\">Nur mit intensiver Arbeit und buchst\u00e4blich im letzten Moment gelang die Reparatur und die R\u00fcckkehr ins Rennen. Wenige Stunden vor dem Start zur zweiten Etappe kam die Allagrande Mapei in Portsmouth an und war wieder mittendrin in der Flotte der sieben Imocas.<\/p>\n<p><img decoding=\"async\" class=\"lazy size-full wp-image-195476\" src=\"https:\/\/www.europesays.com\/de\/wp-content\/uploads\/2025\/09\/2025-09-02-allagrande-mapei-vincent-curutchet.jpg\" alt=\"\" width=\"1200\" height=\"800\" loading=\"lazy\"  \/><\/p>\n<p>Auf dem Weg nach Genua fand die Allagrande Mapei ihre Bedingungen vor \u00a9 Vincent Curutchet<\/p>\n<p class=\"has-link\">Von da an ging es f\u00fcr Ambrogio Beccaria, Thomas Ruyant und Co. best\u00e4ndig nach oben auf der Erfolgsleiter: Platz f\u00fcnf zur Zwischenwertung in Porto, Platz vier bei der Etappenankunft in Cartagena, der Sprung auf das Podium mit Platz drei in Nizza. Und nun zur Kr\u00f6nung: Heimsieg f\u00fcr Beccaria in Genua, der ihn im <a class=\"is-link\" href=\"https:\/\/www.theoceanrace.com\/en\/europe\/2025\/scoreboard\" target=\"_blank\" rel=\"noopener\">Scoreboard<\/a>\u00a0weiter klettern l\u00e4sst.<\/p>\n<p class=\"has-link\">F\u00fcr den Skipper der Allagrande Mapei war nicht nur die Ankunft in Genua das reinste Vergn\u00fcgen, er genoss das Rennen und drehte auf \u2013 sp\u00e4testens, als er die italienischen Gew\u00e4sser erreichte.<\/p>\n<p> <img decoding=\"async\" class=\"_brlbs-thumbnail\" src=\"https:\/\/www.europesays.com\/de\/wp-content\/uploads\/2025\/08\/cb-no-thumbnail.png\" alt=\"YouTube\"\/> <\/p>\n<p class=\"has-link\">Mit dem Laden des Videos akzeptieren Sie die Datenschutzerkl\u00e4rung von YouTube.<br \/><a class=\"is-link\" href=\"https:\/\/policies.google.com\/privacy\" target=\"_blank\" rel=\"nofollow noopener noreferrer\">Mehr erfahren<\/a><\/p>\n<p class=\"has-link\"><a class=\"is-link\" href=\"#\" data-borlabs-cookie-unblock=\"\" role=\"button\">Video laden<\/a><\/p>\n<p class=\"has-link\"> YouTube immer entsperren<\/p>\n<p class=\"has-link\">Bis zur Stra\u00dfe von Bonifacio, der Meerenge zwischen Korsika und Sardinien, bestimmte noch die Holcim-PRB das Geschehen, tauchte als erste Yacht zwischen den Inseln auf und nahm Speed in Richtung toskanische K\u00fcste auf \u2013 im Schlepptau die Biotherm und die Allagrande Mapei.<\/p>\n<p>Viel Schwung im heimischen Revier<\/p>\n<p class=\"has-link\">Als die Flotte dann bei kr\u00e4ftiger S\u00fcdbrise mit \u00fcber 20 Knoten nach Norden st\u00fcrmte, zog das Heimteam am schnellsten an der Insel Elba vorbei, \u00fcbernahm an der toskanischen K\u00fcste die F\u00fchrung, obwohl sie aufgrund eines Motorproblems eine Stunde lang ohne Instrumente segeln musste.<\/p>\n<p class=\"has-link\">Beccaria dr\u00fcckte aufs Tempo, wollte seinen Traum vom Heimsieg in Genua unbedingt verwirklichen und hoffte auf mehr Wind und Foiling-Bedingungen, die der Allagrande Mapei eindeutig liegen.<\/p>\n<p><img decoding=\"async\" class=\"lazy size-full wp-image-195491\" src=\"https:\/\/www.europesays.com\/de\/wp-content\/uploads\/2025\/09\/2025-09-02-beccaria-jean-louis-carli.jpg\" alt=\"\" width=\"1200\" height=\"800\" loading=\"lazy\"  \/><\/p>\n<p>Schon zum Start in Genua hatte Ambrogio Beccaria vom Sieg getr\u00e4umt \u00a9 Jean Louis Carli<\/p>\n<p class=\"has-link\">\u201eWir sind schnell\u201c, berichtete er von seinem Platz am Navigationsstand, als das Boot in den Golf von Genua einfuhr. Er schnupperte bereits am Sieg und war voller Euphorie: \u201eEs war wunderbar \u2013 Nordsardinien und Bonifacio waren fantastisch \u2013 und jetzt steuern wir den ersten Wegpunkt in der N\u00e4he von La Spezia an. Wir erwarten mehr Wind und hoffen, dass wir fliegen k\u00f6nnen.\u201c<\/p>\n<p class=\"has-link\">Doch der Sieg hing am seidenen Faden. Auf der Extrarunde vor der Zielankunft brach der Wind ein und die Holcim-PRB holte mit einem Kurs weiter s\u00fcdlich die F\u00fchrung zur\u00fcck. Doch knapp vor dem Wegpunkt bei Alassio erwischten die n\u00f6rdlichen Boote zuerst den Wind. Allagrande Mapei rundete die virtuelle Marke auf Platz eins \u2013 von da an gab es kein Halten mehr.<\/p>\n<p>Mit Highspeed Richtung Ziel<\/p>\n<p class=\"has-link\">Aus einer Winzigkeit wurde eine Welt. W\u00e4hrend Allagrande Mapei auf S\u00fcdkurs ging, den Wind erreichte und den Verfolgern davonflog, blieb Holcim-PRB komplett stehen. Mit phasenweise \u00fcber 33 Knoten Speed rauschte Beccaria dem Ziel entgegen, baute den Vorsprung innerhalb weniger Stunden auf Paprec Ark\u00e9a auf 20 Seemeilen und mehr aus. Biotherm lag pl\u00f6tzlich 50 und Holcim-PRB sogar \u00fcber 90 Seemeilen zur\u00fcck.<\/p>\n<p class=\"has-link\">F\u00fcr den italienischen Skipper ging mit der Ankunft in Genua gegen zwei Uhr nachts ein Traum in Erf\u00fcllung. Vor dem Start in Nizza hatte er erkl\u00e4rt, unbedingt als Erster in Genua ankommen zu wollen \u2013 einer Stadt, die w\u00e4hrend des Baus seiner Class-40-Yacht in 2022 zu seiner Heimat geworden war.<\/p>\n<p><img decoding=\"async\" class=\"lazy size-full wp-image-195493\" src=\"https:\/\/www.europesays.com\/de\/wp-content\/uploads\/2025\/09\/2025-09-03-mapei-feiert.jpg\" alt=\"\" width=\"1200\" height=\"800\" loading=\"lazy\"  \/><\/p>\n<p>Feierstunde mitten in der Nacht. Allagrande Mapei am Steg von Genua \u00a9 Lloyd Images \/ The Ocean Race Europe 2025<\/p>\n<p class=\"has-link\">\u201eIch m\u00f6chte immer jede Etappe gewinnen\u201c, sagte er nach der Zielankunft. \u201eAber diese war etwas Besonderes, weil das Ziel in Italien war. Wir haben uns als Team so gut verbessert \u2013 auf der letzten Etappe waren wir Dritter, aber wir wussten, dass wir es noch besser machen k\u00f6nnen. Warum also nicht gro\u00df tr\u00e4umen und versuchen, diese Etappe zu gewinnen?\u201c<\/p>\n<p class=\"has-link\">Auf dem finalen Teilst\u00fcck nach Genua segelte das Heimteam wie entfesselt, griff sich den Sieg und erf\u00fcllte sich einen Traum \u2013 nur drei Wochen nach dem Albtraum von Kiel.<\/p>\n","protected":false},"excerpt":{"rendered":"Traumankunft in Genua! Wem, wenn nicht Ambrogio Beccaria war dieser Teil-Erfolg beim Ocean Race Europe zu g\u00f6nnen? Punktgenau&hellip;\n","protected":false},"author":2,"featured_media":395156,"comment_status":"","ping_status":"","sticky":false,"template":"","format":"standard","meta":{"footnotes":""},"categories":[3933],"tags":[331,332,94426,100766,548,663,158,3934,3935,13,14,15,23691,12],"class_list":{"0":"post-395155","1":"post","2":"type-post","3":"status-publish","4":"format-standard","5":"has-post-thumbnail","7":"category-eu","8":"tag-aktuelle-nachrichten","9":"tag-aktuelle-news","10":"tag-allagrande-mapei","11":"tag-ambrogio-beccaria","12":"tag-eu","13":"tag-europa","14":"tag-europaeische-union","15":"tag-europe","16":"tag-european-union","17":"tag-headlines","18":"tag-nachrichten","19":"tag-news","20":"tag-ocean-race-europe","21":"tag-schlagzeilen"},"share_on_mastodon":{"url":"https:\/\/pubeurope.com\/@de\/115143727301889831","error":""},"_links":{"self":[{"href":"https:\/\/www.europesays.com\/de\/wp-json\/wp\/v2\/posts\/395155","targetHints":{"allow":["GET"]}}],"collection":[{"href":"https:\/\/www.europesays.com\/de\/wp-json\/wp\/v2\/posts"}],"about":[{"href":"https:\/\/www.europesays.com\/de\/wp-json\/wp\/v2\/types\/post"}],"author":[{"embeddable":true,"href":"https:\/\/www.europesays.com\/de\/wp-json\/wp\/v2\/users\/2"}],"replies":[{"embeddable":true,"href":"https:\/\/www.europesays.com\/de\/wp-json\/wp\/v2\/comments?post=395155"}],"version-history":[{"count":0,"href":"https:\/\/www.europesays.com\/de\/wp-json\/wp\/v2\/posts\/395155\/revisions"}],"wp:featuredmedia":[{"embeddable":true,"href":"https:\/\/www.europesays.com\/de\/wp-json\/wp\/v2\/media\/395156"}],"wp:attachment":[{"href":"https:\/\/www.europesays.com\/de\/wp-json\/wp\/v2\/media?parent=395155"}],"wp:term":[{"taxonomy":"category","embeddable":true,"href":"https:\/\/www.europesays.com\/de\/wp-json\/wp\/v2\/categories?post=395155"},{"taxonomy":"post_tag","embeddable":true,"href":"https:\/\/www.europesays.com\/de\/wp-json\/wp\/v2\/tags?post=395155"}],"curies":[{"name":"wp","href":"https:\/\/api.w.org\/{rel}","templated":true}]}}