{"id":395164,"date":"2025-09-04T02:47:32","date_gmt":"2025-09-04T02:47:32","guid":{"rendered":"https:\/\/www.europesays.com\/de\/395164\/"},"modified":"2025-09-04T02:47:32","modified_gmt":"2025-09-04T02:47:32","slug":"beethovenhalle-uebergeben-moderne-technik-und-retro-charme","status":"publish","type":"post","link":"https:\/\/www.europesays.com\/de\/395164\/","title":{"rendered":"Beethovenhalle \u00fcbergeben: Moderne Technik und Retro-Charme"},"content":{"rendered":"<p><b>Bonn (fes).<\/b> \u201eWir m\u00f6chten die neue Halle mit allen Registern zum Klingen bringen und zum Atemzentrum der Bonner Musikkultur machen, denn ich finde die Halle toll, es ist eine pure Freude und ich empfinde G\u00e4nsehaut, dass wir heute hier stehen!\u201c <\/p>\n<p>Euphorische Worte fand der Bonner Generalmusikdirektor und Dirigent des Beethovenorchesters Dirk Kaftan. Nach gut zehn Jahren konnte die denkmalgerechte Instandsetzung und Modernisierung der Bonner Beethovenhalle, die 1959 er\u00f6ffnet worden war, endlich abgeschlossen werden. Bonns Oberb\u00fcrgermeisterin Katja D\u00f6rner (Gr\u00fcne) \u00fcbergab vergangene Woche symbolisch den Schl\u00fcssel an Ralf Birkner, den Gesch\u00e4ftsf\u00fchrer der Betreiberin, der Bonn Conference Center Management GmbH als hundertprozentige Tochtergesellschaft der Bundesstadt Bonn. <\/p>\n<p>Damit hat nun auch das traditionsreiche Beethovenorchester endlich wieder seine Heimstatt zur\u00fcck. Kaftan, der 2017 nach Bonn gekommen war, kannte die Halle bislang nur als Baustelle. Offiziell er\u00f6ffnet wird die \u201eHalle f\u00fcr Alle\u201c am 16. Dezember mit einem feierlichen Konzert mit Gustav Mahlers \u201eAuferstehungssinfonie\u201c.<\/p>\n<p>Katja D\u00f6rner sprach von einem \u201ebewegenden und bedeutenden Tag f\u00fcr Bonn und auch f\u00fcr mich pers\u00f6nlich\u201c. Sie dankte allen Beteiligten, die dazu beigetragen hatten, dass die Sanierung der Halle doch noch gelingen konnte. Schlie\u00dflich sei der Weg alles andere als einfach gewesen: \u201eUmso stolzer bin ich, die Beethovenhalle als kultur- und bundespolitisches Erbe Bonns zu erhalten und zu einer hochmodernen Veranstaltungsst\u00e4tte weiterzuentwickeln.\u201c<\/p>\n<p>Ralf Birkner erkl\u00e4rte, dass allen Nutzern k\u00fcnftig eine Veranstaltungsst\u00e4tte mit gro\u00dfer Geschichte und modernster technischer Ausstattung zur Verf\u00fcgung stehe: \u201eSchon jetzt gibt es f\u00fcr das Jahr 2026 zahlreiche Buchungen regionaler und \u00fcberregionaler Veranstalter f\u00fcr unterschiedlichste Formate \u2013 von Konzerten \u00fcber Comedy bis hin zu Musicals.\u201c Die ersten Proben f\u00fcr das Beethovenorchester finden seit dem 1. September in der Halle wieder statt.<\/p>\n<p>Ein Langer Weggeht nun zu Ende<\/p>\n<p>Ein kurzer R\u00fcckblick: 2016 stimmten CDU, Gr\u00fcne, FDP, Linke und AfD f\u00fcr die Sanierung der Beethovenhalle, die urspr\u00fcnglich knapp 61 Millionen Euro kosten sollte und 2020 zum Beethoven-Jubil\u00e4umsjahr komplett saniert wiederer\u00f6ffnet werden sollte.<\/p>\n<p>Dazu kam es bekanntlich nicht. Bei Eingriffen in den Untergrund zur Herstellung des neuen Studios machten alte Mauerwerksreste, Gew\u00f6lbe und Hohlr\u00e4ume eine Stabilisierung erforderlich. Baufirmen gingen pleite. Im Sommer 2022 gelang unter dem neuen Projektleiter Steffen G\u00f6bel ein Neustart. Vereinbart wurde ein neuer Zeitplan, der vorsah, dass die Halle 2025 fertiggestellt werden sollte \u2013 was nun auch gelang. Die Kosten explodierten und liegen mittlerweile bei rund 220 Millionen Euro. Wie G\u00f6bel schilderte, mussten w\u00e4hrend der Bauphase hohe Anforderungen an den Brandschutz, die Akustik sowie die moderne Klima- und Medientechnik mit den Belangen des Denkmalschutzes und den Termin- und Kostenzielen in Einklang gebracht werden. <\/p>\n<p>Im historischen Cabrio mit320 km\/h \u00fcber die Autobahn<\/p>\n<p>Am Ende waren 2.189 Handwerker aus 22 Nationen von 375 Firmen an den Arbeiten beteiligt: \u201eEs ist noch einmal gut gegangen\u201c, betonte G\u00f6bel und lobte den Mut der OB, die sich vor drei Jahren daf\u00fcr stark gemacht hatte, den Neustart zu wagen. In einem Gespr\u00e4ch mit Dirk Kaftan dr\u00fcckte er es so aus: \u201eWir haben in ein Mercedes-Cabrio der 1950er Jahre die Technik der 2020er Jahre eingebaut. Man kann damit gewisserma\u00dfen mit 320 km\/h \u00fcber die Autobahn fliegen.\u201c<\/p>\n<p>Die Beethovenhalle sei neben Konzerten und Kultur- und Brauchtumsveranstaltungen auch ideal f\u00fcr Tagungen und Firmenveranstaltungen geeignet, erkl\u00e4rte Birkner. Sie biete Platz f\u00fcr Events mit bis zu 3.200 Personen, davon im Gro\u00dfen Saal allein f\u00fcr rund 1.700 G\u00e4ste. Das Studio der Beethovenhalle wird k\u00fcnftig nicht nur der neue Proberaum f\u00fcr das Beethovenorchester, sondern er wurde auch als Kammermusiksaal mit rund 500 Pl\u00e4tzen konzipiert. Der Raum ist variabel nutzbar und somit ein neuer Saal innerhalb der Beethovenhalle. Auch der Gastronomiebereich wurde saniert. Er kommt mit seinem Retro-Charme im Stile der 50er- und 60er-Jahre daher. Die Betreiber wollen f\u00fcr ein attraktives kulinarisches Angebot sorgen. Aktuell wird noch der Au\u00dfenbereich mit seinen Gr\u00fcnanlagen fertiggestellt.<\/p>\n<p>www.beethovenhalle.de<\/p>\n","protected":false},"excerpt":{"rendered":"Bonn (fes). \u201eWir m\u00f6chten die neue Halle mit allen Registern zum Klingen bringen und zum Atemzentrum der Bonner&hellip;\n","protected":false},"author":2,"featured_media":395165,"comment_status":"","ping_status":"","sticky":false,"template":"","format":"standard","meta":{"footnotes":""},"categories":[1842],"tags":[1741,3364,29,30,1209],"class_list":{"0":"post-395164","1":"post","2":"type-post","3":"status-publish","4":"format-standard","5":"has-post-thumbnail","7":"category-bonn","8":"tag-bonn","9":"tag-de","10":"tag-deutschland","11":"tag-germany","12":"tag-nordrhein-westfalen"},"share_on_mastodon":{"url":"https:\/\/pubeurope.com\/@de\/115143746780824558","error":""},"_links":{"self":[{"href":"https:\/\/www.europesays.com\/de\/wp-json\/wp\/v2\/posts\/395164","targetHints":{"allow":["GET"]}}],"collection":[{"href":"https:\/\/www.europesays.com\/de\/wp-json\/wp\/v2\/posts"}],"about":[{"href":"https:\/\/www.europesays.com\/de\/wp-json\/wp\/v2\/types\/post"}],"author":[{"embeddable":true,"href":"https:\/\/www.europesays.com\/de\/wp-json\/wp\/v2\/users\/2"}],"replies":[{"embeddable":true,"href":"https:\/\/www.europesays.com\/de\/wp-json\/wp\/v2\/comments?post=395164"}],"version-history":[{"count":0,"href":"https:\/\/www.europesays.com\/de\/wp-json\/wp\/v2\/posts\/395164\/revisions"}],"wp:featuredmedia":[{"embeddable":true,"href":"https:\/\/www.europesays.com\/de\/wp-json\/wp\/v2\/media\/395165"}],"wp:attachment":[{"href":"https:\/\/www.europesays.com\/de\/wp-json\/wp\/v2\/media?parent=395164"}],"wp:term":[{"taxonomy":"category","embeddable":true,"href":"https:\/\/www.europesays.com\/de\/wp-json\/wp\/v2\/categories?post=395164"},{"taxonomy":"post_tag","embeddable":true,"href":"https:\/\/www.europesays.com\/de\/wp-json\/wp\/v2\/tags?post=395164"}],"curies":[{"name":"wp","href":"https:\/\/api.w.org\/{rel}","templated":true}]}}